{"id":245937,"date":"2025-07-12T23:11:21","date_gmt":"2025-07-12T23:11:21","guid":{"rendered":"https:\/\/www.europesays.com\/fr\/245937\/"},"modified":"2025-07-12T23:11:21","modified_gmt":"2025-07-12T23:11:21","slug":"du-cash-pour-le-standard-lille-veut-sen-emparer","status":"publish","type":"post","link":"https:\/\/www.europesays.com\/fr\/245937\/","title":{"rendered":"Du cash pour le Standard : Lille veut s&rsquo;en emparer"},"content":{"rendered":"<p class=\"article__intro\">\n\t\t\t\t\tAu Standard, ils ont d\u00e9j\u00e0 \u00e9t\u00e9 tr\u00e8s actifs sur le march\u00e9 des transferts. Les Rouches esp\u00e8rent \u00e9galement se d\u00e9barrasser d&rsquo;un certain nombre de joueurs afin de renflouer leurs caisses. Selon le journal fran\u00e7ais L&rsquo;\u00c9quipe, le LOSC s&rsquo;est manifest\u00e9 dans la Cit\u00e9 ardente.\n\t\t\t\t<\/p>\n<p>Lille int\u00e9ress\u00e9 par Ngoy<\/p>\n<p>Au Standard, Nathan Ngoy va quitter le club. Le d\u00e9fenseur de 22 ans est dans le viseur de Lille. Les Fran\u00e7ais auraient m\u00eame d\u00e9j\u00e0 fait une offre, mais celle-ci a \u00e9t\u00e9 jug\u00e9e insuffisante par le club li\u00e9geois.<\/p>\n<p>Ngoy n&rsquo;a plus qu&rsquo;un an de contrat avec le Standard. Le d\u00e9fenseur quittera certainement le club, mais sa destination n&rsquo;est pas encore certaine. Il est \u00e9galement dans le viseur du KRC Genk, qui pourrait vouloir profiter du d\u00e9part de Mujaid Sadick. Ce dernier peut quitter Genk moyennant une clause d&rsquo;un montant fixe.<\/p>\n<p>Le Standard a besoin de cash<\/p>\n<p>Les Li\u00e9geois ont bien besoin d&rsquo;argent et seront sans doute dispos\u00e9s \u00e0 coop\u00e9rer \u00e0 un transfert si la somme appropri\u00e9e est mise sur la table. Les deux clubs ont d\u00e9j\u00e0 fait affaire l&rsquo;ann\u00e9e derni\u00e8re, m\u00eame si le Standard avait alors une direction compl\u00e8tement diff\u00e9rente.<\/p>\n<p>\u00c0 l&rsquo;\u00e9poque, les Rouches avaient pr\u00eat\u00e9 Andi Zeqiri de Genk, qui avait tr\u00e8s bien jou\u00e9 dans la Cit\u00e9 ardente. Il \u00e9tait toutefois trop cher, malgr\u00e9 une option d&rsquo;achat, pour \u00eatre conserv\u00e9.<\/p>\n<p>Jusqu&rsquo;\u00e0 pr\u00e9sent, le Standard a connu un bon mercato sur le plan financier. Il a d\u00e9pens\u00e9 7,3 millions d&rsquo;euros en transferts entrants, tandis que le compteur des transferts sortants s&rsquo;\u00e9l\u00e8ve \u00e0 4,5 millions d&rsquo;euros. Mais d&rsquo;autres joueurs vont suivre.<\/p>\n<p>Nathan Ngoy va \u00eatre vendu alors que Ibe Hautekiet et Bosku Sutalo suscitent \u00e9galement de l&rsquo;int\u00e9r\u00eat.<\/p>\n","protected":false},"excerpt":{"rendered":"Au Standard, ils ont d\u00e9j\u00e0 \u00e9t\u00e9 tr\u00e8s actifs sur le march\u00e9 des transferts. Les Rouches esp\u00e8rent \u00e9galement se&hellip;\n","protected":false},"author":2,"featured_media":245938,"comment_status":"","ping_status":"","sticky":false,"template":"","format":"standard","meta":{"footnotes":""},"categories":[2815],"tags":[1111,11,1777,674,1011,27,811,1307,12,38558,25,38559],"class_list":{"0":"post-245937","1":"post","2":"type-post","3":"status-publish","4":"format-standard","5":"has-post-thumbnail","7":"category-lille","8":"tag-actu","9":"tag-actualites","10":"tag-eu","11":"tag-europe","12":"tag-fr","13":"tag-france","14":"tag-hauts-de-france","15":"tag-lille","16":"tag-news","17":"tag-ngoy","18":"tag-republique-francaise","19":"tag-rscl"},"share_on_mastodon":{"url":"https:\/\/pubeurope.com\/@fr\/114842794922980856","error":""},"_links":{"self":[{"href":"https:\/\/www.europesays.com\/fr\/wp-json\/wp\/v2\/posts\/245937","targetHints":{"allow":["GET"]}}],"collection":[{"href":"https:\/\/www.europesays.com\/fr\/wp-json\/wp\/v2\/posts"}],"about":[{"href":"https:\/\/www.europesays.com\/fr\/wp-json\/wp\/v2\/types\/post"}],"author":[{"embeddable":true,"href":"https:\/\/www.europesays.com\/fr\/wp-json\/wp\/v2\/users\/2"}],"replies":[{"embeddable":true,"href":"https:\/\/www.europesays.com\/fr\/wp-json\/wp\/v2\/comments?post=245937"}],"version-history":[{"count":0,"href":"https:\/\/www.europesays.com\/fr\/wp-json\/wp\/v2\/posts\/245937\/revisions"}],"wp:featuredmedia":[{"embeddable":true,"href":"https:\/\/www.europesays.com\/fr\/wp-json\/wp\/v2\/media\/245938"}],"wp:attachment":[{"href":"https:\/\/www.europesays.com\/fr\/wp-json\/wp\/v2\/media?parent=245937"}],"wp:term":[{"taxonomy":"category","embeddable":true,"href":"https:\/\/www.europesays.com\/fr\/wp-json\/wp\/v2\/categories?post=245937"},{"taxonomy":"post_tag","embeddable":true,"href":"https:\/\/www.europesays.com\/fr\/wp-json\/wp\/v2\/tags?post=245937"}],"curies":[{"name":"wp","href":"https:\/\/api.w.org\/{rel}","templated":true}]}}