{"id":245939,"date":"2025-07-12T23:12:11","date_gmt":"2025-07-12T23:12:11","guid":{"rendered":"https:\/\/www.europesays.com\/fr\/245939\/"},"modified":"2025-07-12T23:12:11","modified_gmt":"2025-07-12T23:12:11","slug":"previsions-du-dimanche-13-juillet-2025-4","status":"publish","type":"post","link":"https:\/\/www.europesays.com\/fr\/245939\/","title":{"rendered":"pr\u00e9visions du dimanche 13 juillet 2025"},"content":{"rendered":"<p>C&rsquo;est une belle journ\u00e9e dont va b\u00e9n\u00e9ficier Marseille, o\u00f9 le soleil va briller avec force. Il fera 23\u00b0C en moyenne. Une petite brise de sud soufflera. Le matin, on pr\u00e9voit des valeurs d&rsquo;environ 24\u00b0C. Les temp\u00e9ratures afficheront entre 24 et 25\u00b0C durant l&rsquo;apr\u00e8s-midi. Les maximales atteindront les 24\u00b0C dans la soir\u00e9e alors que les minimales seront de 23\u00b0C. Le ciel sera d\u00e9pourvu de nuages dans la nuit de dimanche \u00e0 lundi.<\/p>\n<p>Un beau soleil est pr\u00e9vu demain \u00e0 Marseille. L&rsquo;air ambiant va se r\u00e9chauffer avec une augmentation de quelques degr\u00e9s. Il va faire en moyenne 25\u00b0C. Un vent de sud-ouest rafra\u00eechira sensiblement l&rsquo;atmosph\u00e8re. Les valeurs seront de 25\u00b0C dans la matin\u00e9e. Les temp\u00e9ratures s&rsquo;\u00e9chelonneront de 26 \u00e0 27\u00b0C sur l&rsquo;ensemble de l&rsquo;apr\u00e8s-midi. Demain soir, le mercure affichera 25\u00b0C en moyenne.<\/p>\n<p>Les jours qui suivent s&rsquo;annoncent similaires. Il va faire un temps assez ensoleill\u00e9 avec des temp\u00e9ratures autour de 30\u00b0C.<\/p>\n<p>Demain, c&rsquo;est le 14 juillet ! Saviez-vous que cette journ\u00e9e est officiellement f\u00eat\u00e9e depuis 1880 ?<\/p>\n","protected":false},"excerpt":{"rendered":"C&rsquo;est une belle journ\u00e9e dont va b\u00e9n\u00e9ficier Marseille, o\u00f9 le soleil va briller avec force. Il fera 23\u00b0C&hellip;\n","protected":false},"author":2,"featured_media":245940,"comment_status":"","ping_status":"","sticky":false,"template":"","format":"standard","meta":{"footnotes":""},"categories":[2814],"tags":[1111,11,885,1777,674,1011,27,884,12,883,2119,882,25],"class_list":{"0":"post-245939","1":"post","2":"type-post","3":"status-publish","4":"format-standard","5":"has-post-thumbnail","7":"category-marseille","8":"tag-actu","9":"tag-actualites","10":"tag-bouches-du-rhone","11":"tag-eu","12":"tag-europe","13":"tag-fr","14":"tag-france","15":"tag-marseille","16":"tag-news","17":"tag-paca","18":"tag-previsions-meteo","19":"tag-provence-alpes-cote-dazur","20":"tag-republique-francaise"},"share_on_mastodon":{"url":"https:\/\/pubeurope.com\/@fr\/114842798887827338","error":""},"_links":{"self":[{"href":"https:\/\/www.europesays.com\/fr\/wp-json\/wp\/v2\/posts\/245939","targetHints":{"allow":["GET"]}}],"collection":[{"href":"https:\/\/www.europesays.com\/fr\/wp-json\/wp\/v2\/posts"}],"about":[{"href":"https:\/\/www.europesays.com\/fr\/wp-json\/wp\/v2\/types\/post"}],"author":[{"embeddable":true,"href":"https:\/\/www.europesays.com\/fr\/wp-json\/wp\/v2\/users\/2"}],"replies":[{"embeddable":true,"href":"https:\/\/www.europesays.com\/fr\/wp-json\/wp\/v2\/comments?post=245939"}],"version-history":[{"count":0,"href":"https:\/\/www.europesays.com\/fr\/wp-json\/wp\/v2\/posts\/245939\/revisions"}],"wp:featuredmedia":[{"embeddable":true,"href":"https:\/\/www.europesays.com\/fr\/wp-json\/wp\/v2\/media\/245940"}],"wp:attachment":[{"href":"https:\/\/www.europesays.com\/fr\/wp-json\/wp\/v2\/media?parent=245939"}],"wp:term":[{"taxonomy":"category","embeddable":true,"href":"https:\/\/www.europesays.com\/fr\/wp-json\/wp\/v2\/categories?post=245939"},{"taxonomy":"post_tag","embeddable":true,"href":"https:\/\/www.europesays.com\/fr\/wp-json\/wp\/v2\/tags?post=245939"}],"curies":[{"name":"wp","href":"https:\/\/api.w.org\/{rel}","templated":true}]}}