{"id":245941,"date":"2025-07-12T23:13:18","date_gmt":"2025-07-12T23:13:18","guid":{"rendered":"https:\/\/www.europesays.com\/fr\/245941\/"},"modified":"2025-07-12T23:13:18","modified_gmt":"2025-07-12T23:13:18","slug":"de-marseille-a-sete-une-expo-dans-un-voilier-autour-de-la-pollution-des-mers","status":"publish","type":"post","link":"https:\/\/www.europesays.com\/fr\/245941\/","title":{"rendered":"De Marseille \u00e0 S\u00e8te, une expo dans un voilier autour de la pollution des mers"},"content":{"rendered":"<p class=\"editor-content__paragraph\">Il mouille dans <strong>le Vieux-Port de Marseille<\/strong>, berc\u00e9 par la houle. Il semble taill\u00e9 pour l\u2019aventure, mais peu de gens connaissent son histoire, les voyages et anecdotes tapies au c\u0153ur de ses voiles. <strong>Le Kraken<\/strong>, trois-m\u00e2ts embl\u00e9matique de 42\u00a0m\u00e8tres de <strong>l\u2019association Wings of the Ocean<\/strong>, sillonne la M\u00e9diterran\u00e9e depuis 2018, entre actions de d\u00e9pollution et ramassage des d\u00e9chets.<\/p>\n<p class=\"editor-content__paragraph\">Du 2\u00a0au 31\u00a0juillet, \u00e0 Marseille, avant d\u2019amarrer \u00e0 S\u00e8te jusqu\u2019au 22\u00a0ao\u00fbt et de revenir dans la cit\u00e9 phoc\u00e9enne, le voilier <strong>h\u00e9berge une poign\u00e9e d\u2019\u0153uvres d\u2019art contemporain tout au long de l\u2019\u00e9t\u00e9<\/strong>. Pour ce premier projet, <strong>le collectif Polymer<\/strong>, dont la d\u00e9marche est aussi engag\u00e9e que pertinente sur le plan artistique, y pr\u00e9sente une s\u00e9lection de photographies, un tissage monumental et un documentaire r\u00e9alis\u00e9 en mer.<\/p>\n<p>Des \u0153uvres faites \u00e0 partir de d\u00e9chets<\/p>\n<p>    <img loading=\"lazy\" decoding=\"async\" class=\"image__img\" src=\"https:\/\/www.europesays.com\/fr\/wp-content\/uploads\/2025\/07\/modcapture-decran-2025-07-11-a-15.52.33-964x1437.jpg\" alt=\"Thomas Mailaender, Test Sauvage\" width=\"964\" height=\"1437\"\/><\/p>\n<p>Thomas Mailaender, Test Sauvage, 2023<\/p>\n<p>    i<\/p>\n<p class=\"legende__cartel\">Bidons alimentaires et de d\u00e9chets r\u00e9colt\u00e9s dans les rues de Marseill \u2022 Photo IGO Studio<\/p>\n<p class=\"editor-content__paragraph\">\u00c0\u00a0bord du navire, on se plonge ainsi dans l\u2019univers absurde de <a href=\"https:\/\/www.beauxarts.com\/expos\/a-la-mep-les-images-improbables-glanees-par-thomas-mailaender-dans-une-expo-ultra-ludique\/\" target=\"_blank\" rel=\"noopener\">Thomas Mailaender<\/a> avec Test Sauvage (2023), une cr\u00e9ation <strong>\u00e0 base de bidons alimentaires et de d\u00e9chets r\u00e9colt\u00e9s<\/strong> dans les rues de Marseille. Au programme \u00e9galement, une \u0153uvre monumentale faite de <strong>filets fant\u00f4mes r\u00e9cup\u00e9r\u00e9s en mer<\/strong>, sign\u00e9e par l\u2019ing\u00e9nieuse designer ultra cot\u00e9e Wendy Andreu. On assiste aussi \u00e0 une <strong>performance \u00e0 quatre mains<\/strong>, entre jeux de lumi\u00e8re sur les voiles du Kraken et r\u00e9cit litt\u00e9raire\u00a0: l\u2019\u0153uvre prend vie \u00e0 travers un objet invent\u00e9 \u2013 le \u00ab\u00a0visiophare\u00a0\u00bb \u2013, vieux r\u00e9troprojecteur d\u00e9tourn\u00e9 par le designer Tom H\u00e9brard tandis que la plasticienne Manon Lef\u00e9bure conte <strong>une histoire intime autour de la pollution plastique<\/strong> en musique.<\/p>\n<p>        \u00c0 lire aussi :<br \/>\n        <a class=\"renvoi-explicite__link\" href=\"https:\/\/www.beauxarts.com\/expos\/a-lyon-le-photographe-sous-marin-laurent-ballesta-decode-le-mystere-des-anneaux\/\" target=\"_blank\" rel=\"noopener\">\u00c0 Lyon, le photographe sous-marin Laurent Ballesta d\u00e9code le myst\u00e8re des anneaux<\/a><\/p>\n<p>Une exposition engag\u00e9e<\/p>\n<p class=\"editor-content__paragraph\">Mais la pi\u00e8ce ma\u00eetresse de l\u2019exposition est sans nul doute <strong>le tissage monumental de l\u2019artiste Delphine D\u00e9n\u00e9r\u00e9az<\/strong>, Ne faites pas pleurer les Sir\u00e8nes (2025). R\u00e9alis\u00e9e \u00e0 partir d\u2019un<strong> filet de p\u00eache de 50\u00a0m\u00e8tres<\/strong> de long r\u00e9cup\u00e9r\u00e9 sur l\u2019\u00e9pave d\u2019un avion de la Seconde Guerre mondiale au large des \u00eeles du Frioul en mai dernier, l\u2019\u0153uvre est pens\u00e9e, selon l\u2019artiste, comme \u00ab\u00a0une fresque flottante <strong>r\u00e9v\u00e9lant la beaut\u00e9 trompeuse de ce qui pollue\u00a0\u00bb<\/strong>.<\/p>\n<p>    <img loading=\"lazy\" decoding=\"async\" class=\"image__img\" src=\"https:\/\/www.europesays.com\/fr\/wp-content\/uploads\/2025\/07\/modigo-kraken-polymer-3-964x1446.jpg\" alt=\"Delphine D\u00e9n\u00e9r\u00e9az, Ne faites pas pleurer les Sir\u00e8nes\" width=\"964\" height=\"1446\"\/><\/p>\n<p>Delphine D\u00e9n\u00e9r\u00e9az, Ne faites pas pleurer les Sir\u00e8nes, 2025<\/p>\n<p>    i<\/p>\n<p class=\"legende__cartel\">Filet de p\u00eache \u2022 Photo IGO Studio<\/p>\n<p class=\"editor-content__paragraph\">Cette exposition in\u00e9dite fait de l\u2019art un <strong>puissant outil de sensibilisation<\/strong>, alors que plus de 200\u00a0000\u00a0tonnes de d\u00e9chets sont d\u00e9vers\u00e9s dans la mer M\u00e9diterran\u00e9e chaque ann\u00e9e. L\u2019occasion aussi de faire d\u00e9couvrir le travail de Wings of the Ocean, dont le<strong> combat quotidien<\/strong> se situe aussi bien dans l\u2019action que dans la p\u00e9dagogie.<\/p>\n<p class=\"annexe-content__subtitle\">\u00c0 Marseille et S\u00e8te cet \u00e9t\u00e9<\/p>\n<p>Du 2 juillet au 31 juillet et du 22 ao\u00fbt au 29 septembre 2025 sur le Vieux-Port de Marseille, \u00e0 L\u2019Estaque et sur les \u00eeles du Frioul<\/p>\n<p>Du 31 juillet au 22 ao\u00fbt sur le port de S\u00e8te<\/p>\n<p>Plus d\u2019informations <a href=\"https:\/\/www.wingsoftheocean.com\/\" target=\"_blank\" rel=\"noopener\">sur le site de Wings of the Ocean\u00a0<\/a><\/p>\n<p>        \u00c0 lire aussi :<br \/>\n        <a class=\"renvoi-explicite__link\" href=\"https:\/\/www.beauxarts.com\/lifestyle\/10-excellents-musees-et-centres-dart-gratuits-dont-on-aurait-tort-de-se-priver-a-marseille\/\" target=\"_blank\" rel=\"noopener\">10 excellents mus\u00e9es et centres d\u2019art gratuits dont on aurait tort de se priver \u00e0 Marseille<\/a><\/p>\n","protected":false},"excerpt":{"rendered":"Il mouille dans le Vieux-Port de Marseille, berc\u00e9 par la houle. Il semble taill\u00e9 pour l\u2019aventure, mais peu&hellip;\n","protected":false},"author":2,"featured_media":245942,"comment_status":"","ping_status":"","sticky":false,"template":"","format":"standard","meta":{"footnotes":""},"categories":[2814],"tags":[1111,11,1396,1777,674,24193,1011,27,884,12,882,25],"class_list":{"0":"post-245941","1":"post","2":"type-post","3":"status-publish","4":"format-standard","5":"has-post-thumbnail","7":"category-marseille","8":"tag-actu","9":"tag-actualites","10":"tag-art-contemporain","11":"tag-eu","12":"tag-europe","13":"tag-expos-gratuites","14":"tag-fr","15":"tag-france","16":"tag-marseille","17":"tag-news","18":"tag-provence-alpes-cote-dazur","19":"tag-republique-francaise"},"share_on_mastodon":{"url":"https:\/\/pubeurope.com\/@fr\/114842802961269257","error":""},"_links":{"self":[{"href":"https:\/\/www.europesays.com\/fr\/wp-json\/wp\/v2\/posts\/245941","targetHints":{"allow":["GET"]}}],"collection":[{"href":"https:\/\/www.europesays.com\/fr\/wp-json\/wp\/v2\/posts"}],"about":[{"href":"https:\/\/www.europesays.com\/fr\/wp-json\/wp\/v2\/types\/post"}],"author":[{"embeddable":true,"href":"https:\/\/www.europesays.com\/fr\/wp-json\/wp\/v2\/users\/2"}],"replies":[{"embeddable":true,"href":"https:\/\/www.europesays.com\/fr\/wp-json\/wp\/v2\/comments?post=245941"}],"version-history":[{"count":0,"href":"https:\/\/www.europesays.com\/fr\/wp-json\/wp\/v2\/posts\/245941\/revisions"}],"wp:featuredmedia":[{"embeddable":true,"href":"https:\/\/www.europesays.com\/fr\/wp-json\/wp\/v2\/media\/245942"}],"wp:attachment":[{"href":"https:\/\/www.europesays.com\/fr\/wp-json\/wp\/v2\/media?parent=245941"}],"wp:term":[{"taxonomy":"category","embeddable":true,"href":"https:\/\/www.europesays.com\/fr\/wp-json\/wp\/v2\/categories?post=245941"},{"taxonomy":"post_tag","embeddable":true,"href":"https:\/\/www.europesays.com\/fr\/wp-json\/wp\/v2\/tags?post=245941"}],"curies":[{"name":"wp","href":"https:\/\/api.w.org\/{rel}","templated":true}]}}