{"id":245945,"date":"2025-07-12T23:16:13","date_gmt":"2025-07-12T23:16:13","guid":{"rendered":"https:\/\/www.europesays.com\/fr\/245945\/"},"modified":"2025-07-12T23:16:13","modified_gmt":"2025-07-12T23:16:13","slug":"previsions-du-dimanche-13-juillet-2025-5","status":"publish","type":"post","link":"https:\/\/www.europesays.com\/fr\/245945\/","title":{"rendered":"pr\u00e9visions du dimanche 13 juillet 2025"},"content":{"rendered":"<p>Aujourd&rsquo;hui, les valeurs seront comprises entre 18 et 33\u00b0C \u00e0 Lyon, un temps bel et bien de saison. Le matin, un important soleil rayonnera. De tr\u00e8s grosses chaleurs (entre 21\u00b0C et 32\u00b0C) sont annonc\u00e9es. Un modeste vent de sud sera ressenti par les habitants. Le soleil appara\u00eet l\u00e9g\u00e8rement l&rsquo;apr\u00e8s-midi. Ces \u00e9claircies devraient faire plaisir aux habitants. Les fortes chaleurs sont pr\u00e9sentes. Avec des temp\u00e9ratures \u00e9chelonn\u00e9es entre 25 et 33\u00b0C. La chaleur estivale sera bien l\u00e0 puisque les valeurs seront quand m\u00eame de 25\u00b0C au plus bas et de 33\u00b0C au maximum. Le ciel sera clair dans la nuit de dimanche \u00e0 lundi.<\/p>\n<p>Demain, les Lyonnais comme les touristes vont pouvoir profiter d&rsquo;un soleil radieux. L&rsquo;\u00e9pisode d&rsquo;importantes chaleurs est bien l\u00e0, avec des temp\u00e9ratures qui risqueront d&rsquo;aller jusqu&rsquo;\u00e0 33\u00b0C. Ce sera un bel \u00e9t\u00e9 : les valeurs s&rsquo;\u00e9chelonneront entre 18 et 33\u00b0C. Un vent d&rsquo;est rafra\u00eechira sensiblement l&rsquo;atmosph\u00e8re. La matin\u00e9e va \u00eatre tr\u00e8s chaude : pr\u00e8s de 30\u00b0C. Les temp\u00e9ratures vont conna\u00eetre une augmentation de plusieurs degr\u00e9s dans l&rsquo;apr\u00e8s-midi. Les vacanciers comme les locaux pourront sortir sandales et chapeau. Attention \u00e0 la vague de chaud. Des temp\u00e9ratures de 28 \u00e0 33\u00b0C sont pr\u00e9vues. Le ciel va quelque peu se d\u00e9gager dans la soir\u00e9e avec des \u00e9claircies. Les temp\u00e9ratures avoisineront les 27\u00b0C.<\/p>\n<p>Les jours se suivent et se ressemblent. Un ciel ensoleill\u00e9, pour des temp\u00e9ratures de 30\u00b0C en moyenne, est pr\u00e9vu.<\/p>\n<p>C&rsquo;est un jour f\u00e9ri\u00e9 dans toute France. Nous c\u00e9l\u00e9brons la f\u00eate nationale demain !<\/p>\n","protected":false},"excerpt":{"rendered":"Aujourd&rsquo;hui, les valeurs seront comprises entre 18 et 33\u00b0C \u00e0 Lyon, un temps bel et bien de saison.&hellip;\n","protected":false},"author":2,"featured_media":245946,"comment_status":"","ping_status":"","sticky":false,"template":"","format":"standard","meta":{"footnotes":""},"categories":[1889],"tags":[1111,11,2430,1777,674,1011,27,2428,12,2119,25,2429,2431],"class_list":{"0":"post-245945","1":"post","2":"type-post","3":"status-publish","4":"format-standard","5":"has-post-thumbnail","7":"category-lyon","8":"tag-actu","9":"tag-actualites","10":"tag-auvergne-rhone-alpes","11":"tag-eu","12":"tag-europe","13":"tag-fr","14":"tag-france","15":"tag-lyon","16":"tag-news","17":"tag-previsions-meteo","18":"tag-republique-francaise","19":"tag-rhone","20":"tag-rhone-alpes"},"share_on_mastodon":{"url":"https:\/\/pubeurope.com\/@fr\/114842814521093924","error":""},"_links":{"self":[{"href":"https:\/\/www.europesays.com\/fr\/wp-json\/wp\/v2\/posts\/245945","targetHints":{"allow":["GET"]}}],"collection":[{"href":"https:\/\/www.europesays.com\/fr\/wp-json\/wp\/v2\/posts"}],"about":[{"href":"https:\/\/www.europesays.com\/fr\/wp-json\/wp\/v2\/types\/post"}],"author":[{"embeddable":true,"href":"https:\/\/www.europesays.com\/fr\/wp-json\/wp\/v2\/users\/2"}],"replies":[{"embeddable":true,"href":"https:\/\/www.europesays.com\/fr\/wp-json\/wp\/v2\/comments?post=245945"}],"version-history":[{"count":0,"href":"https:\/\/www.europesays.com\/fr\/wp-json\/wp\/v2\/posts\/245945\/revisions"}],"wp:featuredmedia":[{"embeddable":true,"href":"https:\/\/www.europesays.com\/fr\/wp-json\/wp\/v2\/media\/245946"}],"wp:attachment":[{"href":"https:\/\/www.europesays.com\/fr\/wp-json\/wp\/v2\/media?parent=245945"}],"wp:term":[{"taxonomy":"category","embeddable":true,"href":"https:\/\/www.europesays.com\/fr\/wp-json\/wp\/v2\/categories?post=245945"},{"taxonomy":"post_tag","embeddable":true,"href":"https:\/\/www.europesays.com\/fr\/wp-json\/wp\/v2\/tags?post=245945"}],"curies":[{"name":"wp","href":"https:\/\/api.w.org\/{rel}","templated":true}]}}