{"id":245951,"date":"2025-07-12T23:21:10","date_gmt":"2025-07-12T23:21:10","guid":{"rendered":"https:\/\/www.europesays.com\/fr\/245951\/"},"modified":"2025-07-12T23:21:10","modified_gmt":"2025-07-12T23:21:10","slug":"previsions-du-dimanche-13-juillet-2025-6","status":"publish","type":"post","link":"https:\/\/www.europesays.com\/fr\/245951\/","title":{"rendered":"pr\u00e9visions du dimanche 13 juillet 2025"},"content":{"rendered":"<p>Un magnifique soleil va briller sur Paris et ce, tout au long de la journ\u00e9e. Les maximales iront jusqu&rsquo;\u00e0 33\u00b0C alors que les minimales seront de 17\u00b0C : c&rsquo;est donc un bel \u00e9t\u00e9. Le matin, le mercure affichera 24\u00b0C en moyenne. Une modeste brise de nord-est sera ressentie par les habitants. L&rsquo;apr\u00e8s-midi, c&rsquo;est une hausse de plusieurs degr\u00e9s que vont conna\u00eetre les temp\u00e9ratures pour un temps de plus en plus estival. La ville va p\u00e2tir d&rsquo;importantes chaleurs avec des temp\u00e9ratures qui pourraient monter \u00e0 33\u00b0C. Des \u00e9claircies feront leur apparition dans la soir\u00e9e. Les valeurs \u00e9volueront entre 25 et 30\u2009\u00b0C. On anticipe des temp\u00e9ratures avoisinant 28\u00b0C. Le ciel sera clair dans la nuit de dimanche \u00e0 lundi.<\/p>\n<p>Demain, le mercure va baisser de quelques degr\u00e9s \u00e0 Paris. Les valeurs s&rsquo;\u00e9chelonneront entre 19 et 29\u00b0C, un temps vraiment de saison. Un vent de sud-ouest rafra\u00eechira sensiblement l&rsquo;atmosph\u00e8re. Des \u00e9claircies sont attendues : on passera une matin\u00e9e cl\u00e9mente. Demain apr\u00e8s-midi, les Parisiens comme les touristes vont pouvoir b\u00e9n\u00e9ficier d&rsquo;un soleil radieux. L&rsquo;\u00e9t\u00e9 prend ses quartiers ! Les temp\u00e9ratures vont grimper de plusieurs degr\u00e9s. Les valeurs afficheront entre 25\u00b0C et 29\u00b0C, donnant aux habitants l&rsquo;occasion d&rsquo;appr\u00e9cier l&rsquo;\u00e9t\u00e9. Les valeurs avoisineront les 25\u00b0C dans la soir\u00e9e.<\/p>\n<p>Peu de changements au fil des jours. On pr\u00e9voit des journ\u00e9es ensoleill\u00e9es, accompagn\u00e9es par des temp\u00e9ratures dans les 27\u00b0C en moyenne.<\/p>\n<p>Pour la f\u00eate nationale, qui se d\u00e9roule demain, la journ\u00e9e est f\u00e9ri\u00e9e.<\/p>\n","protected":false},"excerpt":{"rendered":"Un magnifique soleil va briller sur Paris et ce, tout au long de la journ\u00e9e. Les maximales iront&hellip;\n","protected":false},"author":2,"featured_media":245952,"comment_status":"","ping_status":"","sticky":false,"template":"","format":"standard","meta":{"footnotes":""},"categories":[1888],"tags":[11,1777,674,1011,27,662,12,626,2119,25],"class_list":{"0":"post-245951","1":"post","2":"type-post","3":"status-publish","4":"format-standard","5":"has-post-thumbnail","7":"category-paris","8":"tag-actualites","9":"tag-eu","10":"tag-europe","11":"tag-fr","12":"tag-france","13":"tag-ile-de-france","14":"tag-news","15":"tag-paris","16":"tag-previsions-meteo","17":"tag-republique-francaise"},"share_on_mastodon":{"url":"https:\/\/pubeurope.com\/@fr\/114842834233398230","error":""},"_links":{"self":[{"href":"https:\/\/www.europesays.com\/fr\/wp-json\/wp\/v2\/posts\/245951","targetHints":{"allow":["GET"]}}],"collection":[{"href":"https:\/\/www.europesays.com\/fr\/wp-json\/wp\/v2\/posts"}],"about":[{"href":"https:\/\/www.europesays.com\/fr\/wp-json\/wp\/v2\/types\/post"}],"author":[{"embeddable":true,"href":"https:\/\/www.europesays.com\/fr\/wp-json\/wp\/v2\/users\/2"}],"replies":[{"embeddable":true,"href":"https:\/\/www.europesays.com\/fr\/wp-json\/wp\/v2\/comments?post=245951"}],"version-history":[{"count":0,"href":"https:\/\/www.europesays.com\/fr\/wp-json\/wp\/v2\/posts\/245951\/revisions"}],"wp:featuredmedia":[{"embeddable":true,"href":"https:\/\/www.europesays.com\/fr\/wp-json\/wp\/v2\/media\/245952"}],"wp:attachment":[{"href":"https:\/\/www.europesays.com\/fr\/wp-json\/wp\/v2\/media?parent=245951"}],"wp:term":[{"taxonomy":"category","embeddable":true,"href":"https:\/\/www.europesays.com\/fr\/wp-json\/wp\/v2\/categories?post=245951"},{"taxonomy":"post_tag","embeddable":true,"href":"https:\/\/www.europesays.com\/fr\/wp-json\/wp\/v2\/tags?post=245951"}],"curies":[{"name":"wp","href":"https:\/\/api.w.org\/{rel}","templated":true}]}}