{"id":245957,"date":"2025-07-12T23:24:10","date_gmt":"2025-07-12T23:24:10","guid":{"rendered":"https:\/\/www.europesays.com\/fr\/245957\/"},"modified":"2025-07-12T23:24:10","modified_gmt":"2025-07-12T23:24:10","slug":"kim-assure-lavrov-de-son-soutien-inconditionnel-contre-lukraine-actualites","status":"publish","type":"post","link":"https:\/\/www.europesays.com\/fr\/245957\/","title":{"rendered":"Kim assure Lavrov de son soutien \u00ab\u00a0inconditionnel\u00a0\u00bb contre l&rsquo;Ukraine : Actualit\u00e9s"},"content":{"rendered":"<p class=\"lead \">Le dirigeant nord-cor\u00e9en Kim Jong Un a assur\u00e9 le chef de la diplomatie russe Sergue\u00ef Lavrov de son soutien \u00ab\u00a0inconditionnel\u00a0\u00bb dans la guerre contre l&rsquo;Ukraine, jugeant \u00ab\u00a0certaine\u00a0\u00bb la victoire de Moscou, ont rapport\u00e9 dimanche les m\u00e9dias officiels de Pyongyang.<\/p>\n<p class=\"lead \">Selon l&rsquo;agence d&rsquo;Etat KCNA, M. Kim a re\u00e7u M. Lavrov \u00ab\u00a0dans une atmosph\u00e8re de confiance et de chaleureuse camaraderie\u00a0\u00bb, au moment o\u00f9 la Cor\u00e9e du Nord et la Russie resserrent leurs liens diplomatiques et militaires. Le minist\u00e8re russe des Affaires \u00e9trang\u00e8res a publi\u00e9 de son c\u00f4t\u00e9 sur Telegram une vid\u00e9o des deux hommes se serrant la main et se donnant l&rsquo;accolade.<\/p>\n<p class=\"lead \">Moscou et Pyongyang ont sign\u00e9 l&rsquo;an dernier un pacte de d\u00e9fense mutuelle et la Cor\u00e9e du Nord a envoy\u00e9 des milliers de soldats pour aider \u00e0 la reconqu\u00eate de la r\u00e9gion de Koursk, prise par l&rsquo;arm\u00e9e ukrainienne durant l&rsquo;\u00e9t\u00e9 2024. La Cor\u00e9e du Nord fournit par ailleurs la Russie en obus et en missiles.<\/p>\n<p class=\"lead \">Selon KCNA, Kim Jong Un a d\u00e9clar\u00e9 \u00e0 son invit\u00e9 que la Cor\u00e9e du Nord \u00e9tait \u00ab\u00a0pr\u00eate \u00e0 soutenir et \u00e0 encourager de fa\u00e7on inconditionnelle toutes les mesures prises par les dirigeants russes pour \u00e9liminer \u00e0 la racine la cause de la crise ukrainienne\u00a0\u00bb.<\/p>\n<p class=\"lead \">Le dirigeant nord-cor\u00e9en a \u00e9galement exprim\u00e9 sa \u00ab\u00a0ferme conviction que l&rsquo;arm\u00e9e et le peuple russes remporteront une victoire certaine en accomplissant la cause sacr\u00e9e de d\u00e9fendre la dignit\u00e9 et des int\u00e9r\u00eats fondamentaux du pays\u00a0\u00bb.<\/p>\n<p class=\"lead \">Les deux hommes ont \u00e9galement discut\u00e9 de \u00ab\u00a0questions importantes pour la mise en \u0153uvre fid\u00e8le des accords conclus\u00a0\u00bb lors de leur sommet en 2024, quand le pacte de d\u00e9fense avait \u00e9t\u00e9 scell\u00e9 \u00e0 l&rsquo;occasion d&rsquo;une rare visite en Cor\u00e9e du Nord du pr\u00e9sident russe Vladimir Poutine.<\/p>\n<p class=\"lead \">M. Lavrov a affirm\u00e9 que M. Poutine esp\u00e8re \u00ab\u00a0la poursuite des contacts directs\u00a0\u00bb avec Kim Jong Un \u00ab\u00a0dans les plus brefs d\u00e9lais\u00a0\u00bb, selon l&rsquo;agence russe d&rsquo;Etat Tass.<\/p>\n<p class=\"lead \">Le Kremlin avait \u00e9t\u00e9 interrog\u00e9 cette semaine sur la possibilit\u00e9 d&rsquo;une visite prochaine du dirigeant nord-cor\u00e9en en Russie, mais avait r\u00e9pondu que cela n&rsquo;\u00e9tait pas pr\u00e9vu pour l&rsquo;instant.<\/p>\n<p class=\"lead \">La rencontre Kim-Lavrov a eu lieu \u00e0 Wonsan, sur la c\u00f4te est de la Cor\u00e9e du Nord, o\u00f9 un important complexe touristique vient d&rsquo;\u00eatre inaugur\u00e9.<\/p>\n<p class=\"lead \">&#8211; \u00ab\u00a0H\u00e9ro\u00efque\u00a0\u00bb &#8211;<\/p>\n<p class=\"lead \">Le chef de la diplomatie russe y a \u00e9galement rencontr\u00e9 son homologue nord-cor\u00e9enne Choe Son Hui, qu&rsquo;il a remerci\u00e9 pour le comportement \u00ab\u00a0h\u00e9ro\u00efque\u00a0\u00bb des Nord-Cor\u00e9ens d\u00e9ploy\u00e9s aux c\u00f4t\u00e9s des forces russes contre l&rsquo;Ukraine, selon Tass.<\/p>\n<p class=\"lead \">Les deux parties \u00ab\u00a0ont soulign\u00e9 leur d\u00e9termination \u00e0 lutter ensemble contre les aspirations h\u00e9g\u00e9monistes d&rsquo;acteurs ext\u00e9rieurs \u00e0 la r\u00e9gion, qui conduisent \u00e0 une escalade des tensions dans le nord-est de l&rsquo;Asie et dans toute la r\u00e9gion Asie-Pacifique\u00a0\u00bb, selon le minist\u00e8re russe des Affaires \u00e9trang\u00e8res.<\/p>\n<p class=\"lead \">Toujours d&rsquo;apr\u00e8s l&rsquo;agence russe, questionn\u00e9 sur la possibilit\u00e9 que les troupes nord-cor\u00e9ennes soient d\u00e9ploy\u00e9es sur d&rsquo;autres parties du front, Sergue\u00ef Lavrov a r\u00e9pondu que c&rsquo;\u00e9tait \u00e0 Pyongyang de d\u00e9cider. <\/p>\n<p class=\"lead \">\u00ab\u00a0Nous partons du principe que la RPDC d\u00e9termine elle-m\u00eame les formes sous lesquelles nous mettons en \u0153uvre notre accord de partenariat strat\u00e9gique\u00a0\u00bb, a-t-il dit, utilisant le sigle officiel du pays, la R\u00e9publique populaire et d\u00e9mocratique de Cor\u00e9e.<\/p>\n<p class=\"lead \">Selon les m\u00e9dias russes et nord-cor\u00e9ens, M. Lavrov doit achever sa visite en Cor\u00e9e du Nord dimanche. Son voyage intervient un mois et demi apr\u00e8s celui du secr\u00e9taire du Conseil de s\u00e9curit\u00e9 russe Sergue\u00ef Cho\u00efgou.<\/p>\n<p class=\"lead \">Peu avant la visite de M. Lavrov, les autorit\u00e9s russes avaient annonc\u00e9 le lancement d&rsquo;un vol direct deux fois par semaine entre Moscou et Pyongyang.<\/p>\n<p class=\"small font-weight-bold text-gray3 \"> publi\u00e9 le 13 juillet \u00e0 01h02, AFP<\/p>\n<p>                             Partager<\/p>\n","protected":false},"excerpt":{"rendered":"Le dirigeant nord-cor\u00e9en Kim Jong Un a assur\u00e9 le chef de la diplomatie russe Sergue\u00ef Lavrov de son&hellip;\n","protected":false},"author":2,"featured_media":245958,"comment_status":"","ping_status":"","sticky":false,"template":"","format":"standard","meta":{"footnotes":""},"categories":[1590],"tags":[11,2120,32676,19711,312,1777,674,12,316,132,220],"class_list":{"0":"post-245957","1":"post","2":"type-post","3":"status-publish","4":"format-standard","5":"has-post-thumbnail","7":"category-ukraine","8":"tag-actualites","9":"tag-conflit","10":"tag-corenord","11":"tag-dfense","12":"tag-diplomatie","13":"tag-eu","14":"tag-europe","15":"tag-news","16":"tag-politique","17":"tag-russie","18":"tag-ukraine"},"share_on_mastodon":{"url":"https:\/\/pubeurope.com\/@fr\/114842846007104483","error":""},"_links":{"self":[{"href":"https:\/\/www.europesays.com\/fr\/wp-json\/wp\/v2\/posts\/245957","targetHints":{"allow":["GET"]}}],"collection":[{"href":"https:\/\/www.europesays.com\/fr\/wp-json\/wp\/v2\/posts"}],"about":[{"href":"https:\/\/www.europesays.com\/fr\/wp-json\/wp\/v2\/types\/post"}],"author":[{"embeddable":true,"href":"https:\/\/www.europesays.com\/fr\/wp-json\/wp\/v2\/users\/2"}],"replies":[{"embeddable":true,"href":"https:\/\/www.europesays.com\/fr\/wp-json\/wp\/v2\/comments?post=245957"}],"version-history":[{"count":0,"href":"https:\/\/www.europesays.com\/fr\/wp-json\/wp\/v2\/posts\/245957\/revisions"}],"wp:featuredmedia":[{"embeddable":true,"href":"https:\/\/www.europesays.com\/fr\/wp-json\/wp\/v2\/media\/245958"}],"wp:attachment":[{"href":"https:\/\/www.europesays.com\/fr\/wp-json\/wp\/v2\/media?parent=245957"}],"wp:term":[{"taxonomy":"category","embeddable":true,"href":"https:\/\/www.europesays.com\/fr\/wp-json\/wp\/v2\/categories?post=245957"},{"taxonomy":"post_tag","embeddable":true,"href":"https:\/\/www.europesays.com\/fr\/wp-json\/wp\/v2\/tags?post=245957"}],"curies":[{"name":"wp","href":"https:\/\/api.w.org\/{rel}","templated":true}]}}