{"id":245961,"date":"2025-07-12T23:26:15","date_gmt":"2025-07-12T23:26:15","guid":{"rendered":"https:\/\/www.europesays.com\/fr\/245961\/"},"modified":"2025-07-12T23:26:15","modified_gmt":"2025-07-12T23:26:15","slug":"donald-trump-bientot-recu-au-royaume-uni-et-kate-middleton-pourrait-jouer-un-role-important","status":"publish","type":"post","link":"https:\/\/www.europesays.com\/fr\/245961\/","title":{"rendered":"Donald Trump bient\u00f4t re\u00e7u au Royaume-Uni\u2026 et Kate Middleton pourrait jouer un r\u00f4le important !"},"content":{"rendered":"<p>                                        <img decoding=\"async\" src=\"https:\/\/www.europesays.com\/fr\/wp-content\/uploads\/2025\/07\/e88e04b68314265d81e38b22a786fb1f91fd8f8b387a2f1362c2e5c522708b21.jpg\" alt=\"GALA Kate Middleton\u00a0: ce qu\u2019il faut conna\u00eetre (1)\" class=\"a11y-hidden\"\/><\/p>\n<p class=\"fig-standfirst\">D\u2019apr\u00e8s une experte royale, Kate Middleton devrait \u00eatre mise en avant lors de la future visite d\u2019\u00c9tat de Donald Trump en septembre prochain. Voici pourquoi.<\/p>\n<p class=\"fig-paragraph\">Apr\u00e8s avoir\u00a0<a href=\"http:\/\/www.gala.fr\/royautes\/kate-middleton-somptueuse-au-banquet-d-etat-de-windsor-sa-robe-un-pied-de-nez-a-meghan-markle-20250710\" data-fig-type=\"Article\" data-gtm-custom-categorie=\"navigation\" data-gtm-custom-action=\"crossclick\" data-gtm-custom-label=\"Contextuel\" data-gtm-event=\"customEventSPE\" data-fig-domain=\"GALA\" target=\"_blank\" rel=\"noopener\">fait sensation lors de la visite d\u2019\u00c9tat de Brigitte et Emmanuel<\/a>\u00a0Macron les 8 et 9 juillet, Kate Middleton pourrait bien de nouveau \u00eatre mise en valeur par Charles III lors de\u00a0<a href=\"http:\/\/www.gala.fr\/royautes\/donald-trump-bientot-au-royaume-uni-le-prince-william-pourrait-jouer-un-role-important-voici-pourquoi-20250701\" data-fig-type=\"Article\" data-gtm-custom-categorie=\"navigation\" data-gtm-custom-action=\"crossclick\" data-gtm-custom-label=\"Contextuel\" data-gtm-event=\"customEventSPE\" data-fig-domain=\"GALA\" target=\"_blank\" rel=\"noopener\">la venue de Donald Trump,<\/a>\u00a0attendue en septembre prochain. \u00ab Catherine sera la cerise sur le g\u00e2teau pour un homme aussi vaniteux que Donald Trump. \u00catre vue avec elle sera une perle rare \u00e0 ses yeux\u00a0\u00bb, analyse la journaliste Jennie Bond aupr\u00e8s de\u00a0<a href=\"https:\/\/www.mirror.co.uk\/news\/royals\/kate-middleton-icing-cake-king-35540332\" target=\"_blank\" rel=\"nofollow noopener\" data-gtm-custom-categorie=\"navigation\" data-gtm-custom-action=\"crossclick\" data-gtm-custom-label=\"Contextuel\" data-gtm-event=\"customEventSPE\">The Mirror<\/a> . Plus encore,\u00a0<a href=\"http:\/\/www.gala.fr\/l_actu\/news_de_stars\/kate-middleton-future-reine-sa-strategie-bien-huilee-pour-etre-prete-le-jour-j-20250410\" data-fig-type=\"Article\" data-gtm-custom-categorie=\"navigation\" data-gtm-custom-action=\"crossclick\" data-gtm-custom-label=\"Contextuel\" data-gtm-event=\"customEventSPE\" data-fig-domain=\"GALA\" target=\"_blank\" rel=\"noopener\">la future reine consort d\u2019Angleterre<\/a>\u00a0pourrait \u00eatre un r\u00e9el atout. \u00ab Et je suis s\u00fbre qu\u2019elle sera l\u00e0 pour flatter son ego de la mani\u00e8re la plus diplomatique, subtile et royale qui soit\u00a0\u00bb, a-t-elle poursuivi.<\/p>\n<p class=\"fig-paragraph\">Mais la princesse de Galles pourrait aussi \u00eatre accompagn\u00e9e par deux autres femmes de la famille royale, \u00e0 savoir la princesse Anne et Birgitte, duchesse de Gloucester, qui ont \u00e9galement particip\u00e9 \u00e0 plusieurs \u00e9v\u00e9nements lors de la\u00a0<a href=\"http:\/\/www.gala.fr\/l_actu\/news_de_stars\/banquet-d-etat-a-windsor-paddington-asterix-les-amusantes-references-d-emmanuel-macron-lors-de-son-discours-20250710\" data-fig-type=\"Article\" data-gtm-custom-categorie=\"navigation\" data-gtm-custom-action=\"crossclick\" data-gtm-custom-label=\"Contextuel\" data-gtm-event=\"customEventSPE\" data-fig-domain=\"GALA\" target=\"_blank\" rel=\"noopener\">visite du couple pr\u00e9sidentiel fran\u00e7ais<\/a>. En tant que\u00a0<a href=\"https:\/\/www.gala.fr\/l_actu\/news_de_stars\/charles-iii-william-anne-quel-membre-de-la-famille-royale-a-travaille-le-plus-cette-annee-20241227#:~:text=Le%20roi%2C%20qui%20a%20f%C3%AAt%C3%A9,famille%20royale%20la%20plus%20active.\" target=\"_blank\" data-fig-type=\"Article\" rel=\"noopener\" data-gtm-custom-categorie=\"navigation\" data-gtm-custom-action=\"crossclick\" data-gtm-custom-label=\"Contextuel\" data-gtm-event=\"customEventSPE\" data-fig-domain=\"GALA\">membre la plus active des t\u00eates couronn\u00e9es<\/a>, la s\u0153ur de Charles III est certainement tr\u00e8s attendue lors des visites officielles. Et le monarque pourra aussi compter sur l\u2019exp\u00e9rience de la duchesse de Gloucester. \u00ab Je suis s\u00fbre que Birgitte sera de nouveau pr\u00e9sente lors de la visite du pr\u00e9sident Trump au Royaume-Uni. Apr\u00e8s tant d\u2019ann\u00e9es au sein de la famille royale, elle conna\u00eet bien les subtilit\u00e9s d\u2019une visite d\u2019\u00c9tat\u00a0\u00bb, pr\u00e9cise l\u2019experte royale.<\/p>\n<p>    <a href=\"#slideshow-header\"><\/p>\n<p class=\"fig-slideshow__title\">\n                    PHOTOS \u2013 Banquet d\u2019\u00c9tat \u00e0 Windsor\u00a0: Brigitte Macron et la reine Camilla complices, Rachida Dati aux premi\u00e8res loges, Kate triomphale&#8230; les plus belles images de la soir\u00e9e\n                <\/p>\n<p>    <\/a><\/p>\n<p>                                    <a class=\"fig-a11y-skip a11y-hidden\" href=\"#fig-a11y-skip-main-inarticle\"><br \/>\n        Passer la publicit\u00e9<br \/>\n    <\/a><\/p>\n<p>Donald Trump fan de Kate et William\u00a0? Cette \u00e9tonnante anecdote<\/p>\n<p class=\"fig-paragraph\">Si Kate Middleton pourrait \u00eatre un r\u00e9el atout diplomatique, c\u2019est aussi parce que le pr\u00e9sident des \u00c9tats-Unis n\u2019a jamais cach\u00e9 son admiration pour le prince et la princesse de Galles.\u00a0<a href=\"https:\/\/www.gala.fr\/l_actu\/news_de_stars\/donald-trump-fan-de-kate-middleton-et-william-cette-anecdote-va-vous-laisser-sans-voix-20250225\" target=\"_blank\" data-fig-type=\"Article\" rel=\"nofollow noopener\" data-gtm-custom-categorie=\"navigation\" data-gtm-custom-action=\"crossclick\" data-gtm-custom-label=\"Contextuel\" data-gtm-event=\"customEventSPE\" data-fig-domain=\"GALA\">D\u2019apr\u00e8s les informations du magazine Hello<\/a>, Donald Trump aurait m\u00eame conserv\u00e9 les photos de ses rencontres avec les membres de la famille royale dans un album gard\u00e9 dans son jet priv\u00e9. \u00ab Trump adore tout simplement la famille royale, m\u00eame s\u2019il a peu de temps pour certains de nos politiciens. Il a une tr\u00e8s bonne relation avec le roi et la reine, mais il voit William et Catherine comme l\u2019avenir et le jeune couple glamour de la monarchie\u00a0\u00bb, a confi\u00e9 une source \u00e0 Hello, tout en pr\u00e9cisant qu\u2019il \u00ab est d\u2019une importance vitale que l\u2019on tire le meilleur parti de ces relations\u00a0\u00bb. L\u2019\u00e9poux de Melania Trump adorerait par ailleurs inviter le couple royal \u00e0 Washington.<\/p>\n<p class=\"fig-paragraph\">Article \u00e9crit en collaboration avec 6Medias.<\/p>\n","protected":false},"excerpt":{"rendered":"D\u2019apr\u00e8s une experte royale, Kate Middleton devrait \u00eatre mise en avant lors de la future visite d\u2019\u00c9tat de&hellip;\n","protected":false},"author":2,"featured_media":245962,"comment_status":"","ping_status":"","sticky":false,"template":"","format":"standard","meta":{"footnotes":""},"categories":[1588],"tags":[11,312,75,1777,674,545,5861,5858,12,473,1853,1851,1850,1852],"class_list":{"0":"post-245961","1":"post","2":"type-post","3":"status-publish","4":"format-standard","5":"has-post-thumbnail","7":"category-royaume-uni","8":"tag-actualites","9":"tag-diplomatie","10":"tag-donald-trump","11":"tag-eu","12":"tag-europe","13":"tag-famille-royale-britannique","14":"tag-gotha","15":"tag-kate-middleton","16":"tag-news","17":"tag-royaume-uni","18":"tag-royaume-uni-de-grande-bretagne-et-dirlande-du-nord","19":"tag-uk","20":"tag-united-kingdom","21":"tag-united-kingdom-of-great-britain-and-northern-ireland"},"share_on_mastodon":{"url":"https:\/\/pubeurope.com\/@fr\/114842854025669698","error":""},"_links":{"self":[{"href":"https:\/\/www.europesays.com\/fr\/wp-json\/wp\/v2\/posts\/245961","targetHints":{"allow":["GET"]}}],"collection":[{"href":"https:\/\/www.europesays.com\/fr\/wp-json\/wp\/v2\/posts"}],"about":[{"href":"https:\/\/www.europesays.com\/fr\/wp-json\/wp\/v2\/types\/post"}],"author":[{"embeddable":true,"href":"https:\/\/www.europesays.com\/fr\/wp-json\/wp\/v2\/users\/2"}],"replies":[{"embeddable":true,"href":"https:\/\/www.europesays.com\/fr\/wp-json\/wp\/v2\/comments?post=245961"}],"version-history":[{"count":0,"href":"https:\/\/www.europesays.com\/fr\/wp-json\/wp\/v2\/posts\/245961\/revisions"}],"wp:featuredmedia":[{"embeddable":true,"href":"https:\/\/www.europesays.com\/fr\/wp-json\/wp\/v2\/media\/245962"}],"wp:attachment":[{"href":"https:\/\/www.europesays.com\/fr\/wp-json\/wp\/v2\/media?parent=245961"}],"wp:term":[{"taxonomy":"category","embeddable":true,"href":"https:\/\/www.europesays.com\/fr\/wp-json\/wp\/v2\/categories?post=245961"},{"taxonomy":"post_tag","embeddable":true,"href":"https:\/\/www.europesays.com\/fr\/wp-json\/wp\/v2\/tags?post=245961"}],"curies":[{"name":"wp","href":"https:\/\/api.w.org\/{rel}","templated":true}]}}