{"id":245965,"date":"2025-07-12T23:28:10","date_gmt":"2025-07-12T23:28:10","guid":{"rendered":"https:\/\/www.europesays.com\/fr\/245965\/"},"modified":"2025-07-12T23:28:10","modified_gmt":"2025-07-12T23:28:10","slug":"les-europeens-profondement-inquiets-de-la-repression-en-georgie","status":"publish","type":"post","link":"https:\/\/www.europesays.com\/fr\/245965\/","title":{"rendered":"Les Europ\u00e9ens \u00abprofond\u00e9ment inquiets\u00bb de la r\u00e9pression en G\u00e9orgie"},"content":{"rendered":"<p>Dix-sept pays europ\u00e9ens et l\u2019Union europ\u00e9enne se sont dits \u00abprofond\u00e9ment inquiets et pr\u00e9occup\u00e9s par la d\u00e9gradation de la situation en G\u00e9orgie\u00bb, o\u00f9 s\u00e9vit une vague de r\u00e9pression contre les opposants, dans une d\u00e9claration conjointe publi\u00e9e samedi.<\/p>\n<p>\u00abNous n\u2019h\u00e9siterons pas \u00e0 utiliser toute la panoplie d\u2019outils unilat\u00e9raux et multilat\u00e9raux \u00e0 notre disposition si les autorit\u00e9s g\u00e9orgiennes continuent de prendre des mesures portant atteinte \u00e0 la d\u00e9mocratie et aux droits de l\u2019Homme en G\u00e9orgie\u00bb, avertissent ces pays parmi lesquels la France, l\u2019Allemagne et le Royaume-Uni.<\/p>\n<p>Au moins cinq figures de l\u2019opposition g\u00e9orgienne ont \u00e9t\u00e9 condamn\u00e9es ces derni\u00e8res semaines pour avoir refus\u00e9 de t\u00e9moigner devant une commission parlementaire enqu\u00eatant sur de possibles abus commis \u00e0 l\u2019\u00e9poque o\u00f9 le pr\u00e9sident Mikhe\u00efl Saakachvili dirigeait le pays (2004-2013), lui-m\u00eame emprisonn\u00e9 depuis 2021.<\/p>\n<p>Lire aussi: <a href=\"https:\/\/www.letemps.ch\/articles\/a-gori-ville-natale-de-joseph-staline-la-georgie-se-debat-avec-son-histoire\" rel=\"nofollow noopener\" target=\"_blank\">A Gori, ville natale de Joseph Staline, la G\u00e9orgie se d\u00e9bat avec son histoire<\/a>  <\/p>\n<p>\u00abUne transformation rapide en un r\u00e9gime autoritaire\u00bb<\/p>\n<p>Les signataires de cette d\u00e9claration sont les ministres des Affaires \u00e9trang\u00e8res de l\u2019Allemagne, de la Belgique, du Danemark, de l\u2019Espagne, de l\u2019Estonie, de la Finlande, de la France, de l\u2019Irlande, de l\u2019Islande, de la Lettonie, de la Lituanie, de la Norv\u00e8ge, des Pays-Bas, de la Pologne, de la R\u00e9publique tch\u00e8que, du Royaume-Uni, de la Su\u00e8de et du haut repr\u00e9sentant de l\u2019Union europ\u00e9enne.<\/p>\n<p>Selon eux, ces condamnations r\u00e9pondent \u00e0 des \u00abraisons politiques (\u2026) dont l\u2019objectif est clairement d\u2019\u00e9touffer l\u2019opposition politique en G\u00e9orgie \u00e0 quelques mois des \u00e9lections locales\u00bb.<\/p>\n<p>Lire aussi: <a href=\"https:\/\/www.letemps.ch\/articles\/salome-zourabichvili-je-resterai-la-aux-cotes-d-une-population-qui-defend-son-avenir-europeen\" rel=\"nofollow noopener\" target=\"_blank\">Salom\u00e9 Zourabichvili: \u00abJe resterai l\u00e0, aux c\u00f4t\u00e9s d\u2019une population qui d\u00e9fend son avenir europ\u00e9en\u00bb<\/a>  <\/p>\n<p>Cette r\u00e9pression \u00abcontribue au d\u00e9mant\u00e8lement de la d\u00e9mocratie en G\u00e9orgie et \u00e0 une transformation rapide en un r\u00e9gime autoritaire\u00bb, d\u00e9noncent-ils, notant qu\u2019elle a d\u00e9j\u00e0 \u00abentra\u00een\u00e9 par r\u00e9action une forte d\u00e9gradation de notre relation, notamment la diminution de l\u2019assistance \u00e0 la G\u00e9orgie et de la coop\u00e9ration avec les autorit\u00e9s g\u00e9orgiennes\u00bb.<\/p>\n<p>\u00abIl n\u2019est pas trop tard pour changer de cap\u00bb<\/p>\n<p>Pour les Europ\u00e9ens, \u00abil n\u2019est pas trop tard pour changer de cap\u00bb. Les autorit\u00e9s g\u00e9orgiennes doivent pour cela \u00ablib\u00e9rer imm\u00e9diatement les personnalit\u00e9s politiques, les journalistes et les militants d\u00e9tenus injustement, revenir sur leur l\u00e9gislation r\u00e9pressive et ouvrir un dialogue national\u00bb.<\/p>\n<p>La G\u00e9orgie conna\u00eet une crise politique depuis la victoire du parti R\u00eave g\u00e9orgien aux l\u00e9gislatives d\u2019octobre 2024, rejet\u00e9e par l\u2019opposition qui a jug\u00e9 le scrutin truqu\u00e9.<\/p>\n<p>Fin novembre 2024, le gouvernement a annonc\u00e9 qu\u2019il suspendait le processus d\u2019adh\u00e9sion \u00e0 l\u2019Union europ\u00e9enne, suscitant de grandes manifestations d\u2019opposition r\u00e9prim\u00e9es par le pouvoir dans la violence, \u00e0 coups de menaces et d\u2019arrestations de militants et de manifestants.<\/p>\n<p>Lire encore: <a href=\"https:\/\/www.letemps.ch\/articles\/l-europe-a-t-elle-perdu-la-georgie\" rel=\"nofollow noopener\" target=\"_blank\">L\u2019Europe a-t-elle perdu la G\u00e9orgie?<\/a>  <\/p>\n","protected":false},"excerpt":{"rendered":"Dix-sept pays europ\u00e9ens et l\u2019Union europ\u00e9enne se sont dits \u00abprofond\u00e9ment inquiets et pr\u00e9occup\u00e9s par la d\u00e9gradation de la&hellip;\n","protected":false},"author":2,"featured_media":245966,"comment_status":"","ping_status":"","sticky":false,"template":"","format":"standard","meta":{"footnotes":""},"categories":[1586],"tags":[11,1777,674,1011,27,4438,12,25,364],"class_list":{"0":"post-245965","1":"post","2":"type-post","3":"status-publish","4":"format-standard","5":"has-post-thumbnail","7":"category-europe","8":"tag-actualites","9":"tag-eu","10":"tag-europe","11":"tag-fr","12":"tag-france","13":"tag-free","14":"tag-news","15":"tag-republique-francaise","16":"tag-union-europeenne"},"share_on_mastodon":{"url":"https:\/\/pubeurope.com\/@fr\/114842861760226522","error":""},"_links":{"self":[{"href":"https:\/\/www.europesays.com\/fr\/wp-json\/wp\/v2\/posts\/245965","targetHints":{"allow":["GET"]}}],"collection":[{"href":"https:\/\/www.europesays.com\/fr\/wp-json\/wp\/v2\/posts"}],"about":[{"href":"https:\/\/www.europesays.com\/fr\/wp-json\/wp\/v2\/types\/post"}],"author":[{"embeddable":true,"href":"https:\/\/www.europesays.com\/fr\/wp-json\/wp\/v2\/users\/2"}],"replies":[{"embeddable":true,"href":"https:\/\/www.europesays.com\/fr\/wp-json\/wp\/v2\/comments?post=245965"}],"version-history":[{"count":0,"href":"https:\/\/www.europesays.com\/fr\/wp-json\/wp\/v2\/posts\/245965\/revisions"}],"wp:featuredmedia":[{"embeddable":true,"href":"https:\/\/www.europesays.com\/fr\/wp-json\/wp\/v2\/media\/245966"}],"wp:attachment":[{"href":"https:\/\/www.europesays.com\/fr\/wp-json\/wp\/v2\/media?parent=245965"}],"wp:term":[{"taxonomy":"category","embeddable":true,"href":"https:\/\/www.europesays.com\/fr\/wp-json\/wp\/v2\/categories?post=245965"},{"taxonomy":"post_tag","embeddable":true,"href":"https:\/\/www.europesays.com\/fr\/wp-json\/wp\/v2\/tags?post=245965"}],"curies":[{"name":"wp","href":"https:\/\/api.w.org\/{rel}","templated":true}]}}