{"id":245971,"date":"2025-07-12T23:31:12","date_gmt":"2025-07-12T23:31:12","guid":{"rendered":"https:\/\/www.europesays.com\/fr\/245971\/"},"modified":"2025-07-12T23:31:12","modified_gmt":"2025-07-12T23:31:12","slug":"ia-x-explique-pourquoi-grok-est-devenu-fou-et-pro-nazi","status":"publish","type":"post","link":"https:\/\/www.europesays.com\/fr\/245971\/","title":{"rendered":"IA\u00a0: X explique pourquoi Grok est devenu \u00ab\u00a0fou\u00a0\u00bb et pro-nazi"},"content":{"rendered":"<p class=\"paragraph text_align_left lp-f-body-02\"><a href=\"https:\/\/www.leparisien.fr\/futurs\/complotiste-injurieux-antisemite-grok-lia-de-twitter-est-il-devenu-fou-09-07-2025-JEUH73ARINGIFD2FQWGR6Y736I.php\" target=\"_self\" rel=\"nofollow noopener\">Grok est-il devenu \u00ab\u00a0fou\u00a0\u00bb<\/a>\u00a0? Telle est la question que de nombreux utilisateurs du r\u00e9seau social X se sont pos\u00e9e ces derniers jours. Entre propos injurieux, antis\u00e9mites, allant m\u00eame jusqu\u2019\u00e0 faire <a href=\"https:\/\/www.leparisien.fr\/high-tech\/eloge-de-hitler-et-propos-polemiques-de-grok-lue-en-contact-avec-x-le-reseau-social-delon-musk-10-07-2025-TAQDUD6LFZBKRM7D7V5XY46L4Q.php\" target=\"_self\" rel=\"nofollow noopener\">l\u2019\u00e9loge d\u2019Adolf Hitler<\/a>, l\u2019assistant d\u2019intelligence artificielle (IA) <a href=\"https:\/\/www.leparisien.fr\/high-tech\/elon-musk-va-presenter-grok-3-lia-la-plus-intelligente-sur-terre-16-02-2025-REFRKVKHAFCFVMNQCUJOK2XKZY.php\" target=\"_self\" rel=\"nofollow noopener\">d\u00e9velopp\u00e9 par xAI<\/a>, entreprise du milliardaire am\u00e9ricain <a href=\"https:\/\/www.leparisien.fr\/international\/elon-musk\/\" rel=\"nofollow noopener\" target=\"_blank\">Elon Musk<\/a>, a pris un virage radical depuis une semaine.<\/p>\n<p class=\"paragraph text_align_left lp-f-body-02\">Rh\u00e9torique d\u2019extr\u00eame droite, complotisme\u2026 Grok a surpris de nombreux utilisateurs par la violence de ses messages, sugg\u00e9rant notamment que les personnes portant un nom de famille juif \u00e9taient plus susceptibles de propager la haine en ligne ou qu\u2019une r\u00e9ponse \u00e0 la haine anti-blancs inspir\u00e9e de l\u2019Holocauste serait \u00ab\u00a0efficace\u00a0\u00bb.<\/p>\n<p class=\"paragraph text_align_left lp-f-body-02\">Alors que X a supprim\u00e9 la majorit\u00e9 des messages probl\u00e9matiques, xAI a communiqu\u00e9 sur le r\u00e9seau social ce samedi matin, via le compte officiel de Grok. \u00ab\u00a0Nous nous excusons pour le comportement horrible que beaucoup ont pu observer\u00a0\u00bb, a-t-on pu lire.<\/p>\n<blockquote class=\"twitter-tweet\">\n<p lang=\"en\" dir=\"ltr\">Update on where has <a href=\"https:\/\/twitter.com\/grok?ref_src=twsrc%5Etfw\" rel=\"nofollow noopener\" target=\"_blank\">@grok<\/a> been &amp; what happened on July 8th.  <\/p>\n<p>First off, we deeply apologize for the horrific behavior that many experienced.  <\/p>\n<p>Our intent for <a href=\"https:\/\/twitter.com\/grok?ref_src=twsrc%5Etfw\" rel=\"nofollow noopener\" target=\"_blank\">@grok<\/a> is to provide helpful and truthful responses to users.  After careful investigation, we discovered the root cause\u2026<\/p>\n<p>\u2014 Grok (@grok) <a href=\"https:\/\/twitter.com\/grok\/status\/1943916977481036128?ref_src=twsrc%5Etfw\" rel=\"nofollow noopener\" target=\"_blank\">July 12, 2025<\/a><\/p><\/blockquote>\n<p class=\"paragraph text_align_left lp-f-body-02\">Pour expliquer les d\u00e9raillements successifs du <a href=\"https:\/\/www.leparisien.fr\/high-tech\/une-etude-souligne-des-defauts-et-les-limites-de-grok-lia-delon-musk-dans-ses-reponses-sur-la-guerre-israel-iran-25-06-2025-X4JIGBBP5JDORK3JCIMWK6HMSA.php\" target=\"_self\" rel=\"nofollow noopener\">chatbot<\/a>, l\u2019entreprise a mis en avant une mise \u00e0 jour effectu\u00e9e le lundi 7\u00a0juillet. Cette derni\u00e8re aurait r\u00e9tabli un ancien code, consid\u00e9r\u00e9 aujourd\u2019hui comme \u00ab\u00a0obsol\u00e8te\u00a0\u00bb, qui a guid\u00e9 l\u2019outil pour r\u00e9pondre aux requ\u00eates des utilisateurs de X cette semaine. Parmi les instructions programm\u00e9es\u00a0: \u00ab\u00a0\u00eatre le plus franc possible\u00a0\u00bb et ne pas craindre d\u2019offenser \u00ab\u00a0les gens qui sont politiquement corrects\u00a0\u00bb.<\/p>\n<p>Un code obsol\u00e8te invitant Grok \u00e0 r\u00e9pondre \u00ab\u00a0comme un humain\u00a0\u00bb<\/p>\n<p class=\"paragraph text_align_left lp-f-body-02\">Autre consigne donn\u00e9e \u00e0 Grok\u00a0: comprendre le \u00ab\u00a0ton, le contexte et le langage\u00a0\u00bb des utilisateurs du r\u00e9seau social, pour \u00eatre en mesure de r\u00e9pondre \u00ab\u00a0comme un humain\u00a0\u00bb. En d\u2019autres termes, ces commandes ont pouss\u00e9 la cr\u00e9ation d\u2019<a href=\"https:\/\/www.leparisien.fr\/international\/elon-musk\/\" target=\"_blank\" rel=\"noreferrer nofollow noopener\">Elon Musk<\/a> \u00e0 refl\u00e9ter de trop pr\u00e8s les utilisateurs de X, en fonction de ce qu\u2019ils postent, et \u00e0 \u00ab\u00a0valider\u00a0\u00bb certaines de leurs orientations, \u00ab\u00a0y compris des discours haineux\u00a0\u00bb.<\/p>\n<p class=\"paragraph text_align_left lp-f-body-02\">Cette mise \u00e0 jour rat\u00e9e a ainsi conduit le chatbot \u00ab\u00a0\u00e0 ignorer ses valeurs fondamentales dans certaines circonstances\u00a0\u00bb, expliquant les nombreuses r\u00e9ponses \u00ab\u00a0contenant des opinions non \u00e9thiques et pol\u00e9miques\u00a0\u00bb remarqu\u00e9es par les internautes tout au long de la semaine, a avanc\u00e9 <a href=\"https:\/\/www.leparisien.fr\/high-tech\/les-avenirs-de-xai-et-de-x-sont-intimement-lies-musk-annonce-que-sa-start-up-dintelligence-artificielle-a-rachete-son-reseau-social-29-03-2025-7VVDS2JMV5GWLN76ALYYWB7PN4.php\" target=\"_self\" rel=\"nofollow noopener\">xAI<\/a> dans son communiqu\u00e9.<\/p>\n<p class=\"paragraph text_align_left lp-f-body-02\">Selon la start-up, tout est d\u00e9sormais rentr\u00e9 dans l\u2019ordre. \u00ab\u00a0La mise \u00e0 jour a \u00e9t\u00e9 active pendant 16\u00a0heures (\u2026) Nous avons supprim\u00e9 ce code obsol\u00e8te et remani\u00e9 l\u2019ensemble du syst\u00e8me pour \u00e9viter tout nouvel abus\u00a0\u00bb, est-il \u00e9crit.<\/p>\n<p>D\u2019autres incidents d\u00e9j\u00e0 recens\u00e9s cette ann\u00e9e<\/p>\n<p class=\"paragraph text_align_left lp-f-body-02\">Cet incident s\u2019inscrit dans la lign\u00e9e de couacs de plus en plus r\u00e9guliers. En mai dernier, par exemple, <a href=\"https:\/\/www.leparisien.fr\/high-tech\/grok-lia-delon-musk-aborde-le-genocide-blanc-dans-des-discussions-qui-nont-rien-a-voir-15-05-2025-VLFYZQH3XZHDNDZH7MA6BQB52U.php\" target=\"_self\" rel=\"nofollow noopener\">Grok avait \u00e9voqu\u00e9 \u00ab\u00a0un g\u00e9nocide blanc\u00a0\u00bb en Afrique du Sud<\/a>. Une sortie reprenant des th\u00e8ses conspirationnistes en vogue au sein de l\u2019extr\u00eame-droite am\u00e9ricaine, que xAI avait justifi\u00e9 par une \u00ab\u00a0modification non autoris\u00e9e\u00a0\u00bb dont se serait rendu coupable un employ\u00e9.<\/p>\n<p class=\"paragraph text_align_left lp-f-body-02\">En parall\u00e8le de la pol\u00e9mique, Elon Musk a d\u00e9voil\u00e9 le mercredi 9\u00a0juillet Grok 4, la derni\u00e8re version de son assistant IA. Selon l\u2019analyse de plusieurs observateurs, ce nouvel outil base ses r\u00e9ponses sur les messages et prises de position de son cr\u00e9ateur, dont l\u2019ambition, en 2023, \u00e9tait d\u2019offrir une IA moins \u00ab\u00a0politiquement correcte\u00a0\u00bb que ses grands concurrents ChatGPT (OpenAI), Claude (Anthropic) ou Le Chat (Mistral).<\/p>\n<p><script async src=\"https:\/\/platform.twitter.com\/widgets.js\" charset=\"utf-8\"><\/script><\/p>\n","protected":false},"excerpt":{"rendered":"Grok est-il devenu \u00ab\u00a0fou\u00a0\u00bb\u00a0? Telle est la question que de nombreux utilisateurs du r\u00e9seau social X se sont&hellip;\n","protected":false},"author":2,"featured_media":245972,"comment_status":"","ping_status":"","sticky":false,"template":"","format":"standard","meta":{"footnotes":""},"categories":[2],"tags":[11,1011,27,142,12,25],"class_list":{"0":"post-245971","1":"post","2":"type-post","3":"status-publish","4":"format-standard","5":"has-post-thumbnail","7":"category-actualites","8":"tag-actualites","9":"tag-fr","10":"tag-france","11":"tag-high-tech","12":"tag-news","13":"tag-republique-francaise"},"share_on_mastodon":{"url":"https:\/\/pubeurope.com\/@fr\/114842873555381089","error":""},"_links":{"self":[{"href":"https:\/\/www.europesays.com\/fr\/wp-json\/wp\/v2\/posts\/245971","targetHints":{"allow":["GET"]}}],"collection":[{"href":"https:\/\/www.europesays.com\/fr\/wp-json\/wp\/v2\/posts"}],"about":[{"href":"https:\/\/www.europesays.com\/fr\/wp-json\/wp\/v2\/types\/post"}],"author":[{"embeddable":true,"href":"https:\/\/www.europesays.com\/fr\/wp-json\/wp\/v2\/users\/2"}],"replies":[{"embeddable":true,"href":"https:\/\/www.europesays.com\/fr\/wp-json\/wp\/v2\/comments?post=245971"}],"version-history":[{"count":0,"href":"https:\/\/www.europesays.com\/fr\/wp-json\/wp\/v2\/posts\/245971\/revisions"}],"wp:featuredmedia":[{"embeddable":true,"href":"https:\/\/www.europesays.com\/fr\/wp-json\/wp\/v2\/media\/245972"}],"wp:attachment":[{"href":"https:\/\/www.europesays.com\/fr\/wp-json\/wp\/v2\/media?parent=245971"}],"wp:term":[{"taxonomy":"category","embeddable":true,"href":"https:\/\/www.europesays.com\/fr\/wp-json\/wp\/v2\/categories?post=245971"},{"taxonomy":"post_tag","embeddable":true,"href":"https:\/\/www.europesays.com\/fr\/wp-json\/wp\/v2\/tags?post=245971"}],"curies":[{"name":"wp","href":"https:\/\/api.w.org\/{rel}","templated":true}]}}