{"id":246006,"date":"2025-07-12T23:53:10","date_gmt":"2025-07-12T23:53:10","guid":{"rendered":"https:\/\/www.europesays.com\/fr\/246006\/"},"modified":"2025-07-12T23:53:10","modified_gmt":"2025-07-12T23:53:10","slug":"lue-prepare-ses-contre-mesures-apres-la-surenchere-de-trump","status":"publish","type":"post","link":"https:\/\/www.europesays.com\/fr\/246006\/","title":{"rendered":"l\u2019UE pr\u00e9pare ses \u00ab\u00a0contre-mesures\u00a0\u00bb apr\u00e8s la surench\u00e8re de Trump"},"content":{"rendered":"<p>        <img decoding=\"async\" loading=\"lazy\" src=\"https:\/\/www.europesays.com\/fr\/wp-content\/uploads\/2025\/07\/aa680d8_1706705890805-000-333x74h.jpg\"  width=\"728\" height=\"409\" alt=\"Droits de douane\u00a0: l\u2019UE pr\u00e9pare ses \u00ab\u00a0contre-mesures\u00a0\u00bb apr\u00e8s la surench\u00e8re de Trump\"\/>  <\/p>\n<p>JOHN THYS \/ AFP<\/p>\n<p>Droits de douane\u00a0: l\u2019UE pr\u00e9pare ses \u00ab\u00a0contre-mesures\u00a0\u00bb apr\u00e8s la surench\u00e8re de Trump<\/p>\n<p class=\"asset asset-text\">DOUANE &#8211; M\u00eame si les discussions restent ouvertes, le temps est \u00e0 la pr\u00e9paration des contre-mesures. Quelques heures apr\u00e8s l\u2019annonce de Donald Trump<a href=\"https:\/\/www.huffingtonpost.fr\/international\/article\/donald-trump-impose-30-de-droits-de-douane-a-l-union-europeenne-et-accentue-la-pression_252528.html\" rel=\"nofollow noopener\" target=\"_blank\"> d\u2019imposer 30\u00a0% de droits de douane<\/a> \u00e0 l\u2019Union europ\u00e9enne, les dirigeants europ\u00e9ens ont exprim\u00e9 leur d\u00e9sapprobation ce samedi 12\u00a0avril.<\/p>\n<p class=\"asset asset-text\">\u00ab\u00a0<a href=\"https:\/\/www.huffingtonpost.fr\/international\/article\/donald-trump-vise-de-nouveaux-pays-avec-ses-droits-de-douane-l-ue-dans-l-attente-de-son-sort_252433.html\" rel=\"nofollow noopener\" target=\"_blank\">Imposer des\u00a0droits\u00a0de\u00a0douane<\/a>\u00a0de 30% sur les exportations de l\u2019UE perturberait les cha\u00eenes d\u2019approvisionnement transatlantiques essentielles, au d\u00e9triment des entreprises, des consommateurs et des patients des deux c\u00f4t\u00e9s de l\u2019Atlantique\u00a0\u00bb, a d\u00e9nonc\u00e9 dans un communiqu\u00e9 la pr\u00e9sidente de la Commission europ\u00e9enne, Ursula von der Leyen, tout en d\u00e9clarant que l\u2019UE souhaitait toujours parvenir \u00e0 un accord commercial avec Washington.<\/p>\n<p class=\"asset asset-text\">Ursula von der Leyen a insist\u00e9 sur le fait que \u00ab\u00a0peu d\u2019\u00e9conomies dans le monde \u00e9galent le niveau d\u2019ouverture de l\u2019Union europ\u00e9enne et son respect des pratiques commerciales \u00e9quitables\u00a0\u00bb. \u00ab\u00a0L\u2019UE a constamment privil\u00e9gi\u00e9 une solution n\u00e9goci\u00e9e <a href=\"https:\/\/www.huffingtonpost.fr\/international\/article\/les-etats-unis-decalent-encore-leur-ultimatum-sur-les-droits-de-douane-au-1er-aout_252291.html\" rel=\"nofollow noopener\" target=\"_blank\">avec les \u00c9tats-Unis<\/a>, refl\u00e9tant notre engagement en faveur du dialogue, de la stabilit\u00e9 et d\u2019un partenariat transatlantique constructif\u00a0\u00bb, a-t-elle encore d\u00e9clar\u00e9.<\/p>\n<p> La lecture de ce contenu est susceptible d\u2019entra\u00eener un d\u00e9p\u00f4t de cookies de la part de l\u2019op\u00e9rateur tiers qui l\u2019h\u00e9berge. Compte-tenu des choix que vous avez exprim\u00e9s en mati\u00e8re de d\u00e9p\u00f4t de cookies, nous avons bloqu\u00e9 l\u2019affichage de ce contenu. Si vous souhaitez y acc\u00e9der, vous devez accepter la cat\u00e9gorie de cookies \u201cContenus tiers\u201d en cliquant sur le bouton ci-dessous. <\/p>\n<p> Lire la Vid\u00e9o        <\/p>\n<p class=\"asset asset-text\">Ces\u00a0droits\u00a0de\u00a0douane\u00a0entreront en vigueur le 1er\u00a0ao\u00fbt, a indiqu\u00e9 Trump dans des lettres distinctes publi\u00e9es sur sa plateforme Truth Social.<\/p>\n<p>                     \u00ab\u00a0Acc\u00e9l\u00e9rer la pr\u00e9paration de contre-mesures cr\u00e9dibles\u00a0\u00bb    <\/p>\n<p class=\"asset asset-text\">\u00ab\u00a0Nous restons pr\u00eats \u00e0 poursuivre le travail vers un accord d\u2019ici le 1er\u00a0ao\u00fbt. Dans le m\u00eame temps, nous prendrons toutes les mesures n\u00e9cessaires pour sauvegarder les int\u00e9r\u00eats de l\u2019UE, y compris l\u2019adoption de contre-mesures proportionn\u00e9es si cela s\u2019av\u00e8re n\u00e9cessaire\u00a0\u00bb, a-t-elle ajout\u00e9.<\/p>\n<p class=\"asset asset-text\">De son c\u00f4t\u00e9, Emmanuel Macron a exprim\u00e9 sur X la \u00ab\u00a0tr\u00e8s vive d\u00e9sapprobation\u00a0\u00bb de la France et a appel\u00e9 l\u2019UE \u00e0 \u00ab\u00a0d\u00e9fendre r\u00e9solument les int\u00e9r\u00eats europ\u00e9ens\u00a0\u00bb. Il invite notamment la Commission europ\u00e9enne \u00e0 \u00ab\u00a0acc\u00e9l\u00e9rer la pr\u00e9paration de contre-mesures cr\u00e9dibles, par la mobilisation de l\u2019ensemble des instruments \u00e0 sa disposition\u00a0\u00bb, \u00ab\u00a0si aucun accord n\u2019\u00e9tait trouv\u00e9 d\u2019ici le 1er\u00a0ao\u00fbt\u00a0\u00bb.<\/p>\n<p> La lecture de ce contenu est susceptible d\u2019entra\u00eener un d\u00e9p\u00f4t de cookies de la part de l\u2019op\u00e9rateur tiers qui l\u2019h\u00e9berge. Compte-tenu des choix que vous avez exprim\u00e9s en mati\u00e8re de d\u00e9p\u00f4t de cookies, nous avons bloqu\u00e9 l\u2019affichage de ce contenu. Si vous souhaitez y acc\u00e9der, vous devez accepter la cat\u00e9gorie de cookies \u201cContenus tiers\u201d en cliquant sur le bouton ci-dessous. <\/p>\n<p> Lire la Vid\u00e9o        <\/p>\n<p class=\"asset asset-text\">Faisant valoir que l\u2019UE n\u00e9gociait avec Washington depuis plusieurs semaines \u00ab\u00a0sur la base d\u2019une offre solide et de bonne foi\u00a0\u00bb, Emmanuel Macron a affirm\u00e9 qu\u2019il revenait \u00ab\u00a0plus que jamais \u00e0 la Commission d\u2019affirmer la d\u00e9termination de l\u2019Union \u00e0 d\u00e9fendre r\u00e9solument les int\u00e9r\u00eats europ\u00e9ens\u00a0\u00bb.<\/p>\n<p class=\"asset asset-text\">\u00ab\u00a0La France soutient pleinement la Commission europ\u00e9enne dans la n\u00e9gociation qui va s\u2019intensifier, pour parvenir \u00e0 un accord mutuellement acceptable d\u2019ici le 1er\u00a0ao\u00fbt, afin qu\u2019il refl\u00e8te le respect que se doivent des partenaires commerciaux comme l\u2019Union europ\u00e9enne et les \u00c9tats-Unis, aux int\u00e9r\u00eats partag\u00e9s et aux cha\u00eenes de valeur int\u00e9gr\u00e9es\u00a0\u00bb, a encore \u00e9crit le chef de l\u2019\u00c9tat.<\/p>\n<p>    Une \u00ab\u00a0riposte proportionn\u00e9e\u00a0\u00bb    <\/p>\n<p class=\"asset asset-text\">Le ministre d\u00e9l\u00e9gu\u00e9 au Commerce ext\u00e9rieur Laurent Saint-Martin a lui mis sur la table la possibilit\u00e9 d\u2019une \u00ab\u00a0une riposte proportionn\u00e9e\u00a0\u00bb fran\u00e7aise, notamment sur les biens et les services am\u00e9ricains, si Bruxelles n\u2019arrive pas \u00e0 un \u00ab\u00a0accord \u00e9quitable\u00a0\u00bb avec Washington.<\/p>\n<p class=\"asset asset-text\">\u00ab\u00a0Il s\u2019agit maintenant pour l\u2019UE, dans le temps qui lui reste, de n\u00e9gocier de mani\u00e8re pragmatique une solution avec les \u00c9tats-Unis qui se concentre sur les principaux points de conflit\u00a0\u00bb, a dit Katherina Reiche, la ministre allemande de l\u2019\u00c9conomie, dans une d\u00e9claration transmise par courriel. \u00ab\u00a0La Commission europ\u00e9enne (charg\u00e9e des n\u00e9gociations au nom des 27 \u00c9tats membres de l\u2019UE, ndlr) a notre soutien dans cette approche\u00a0\u00bb, a-t-elle dit, ajoutant\u00a0: \u00ab\u00a0une issue pragmatique \u00e0 ces n\u00e9gociations doit \u00eatre obtenue rapidement\u00a0\u00bb<\/p>\n<p class=\"asset asset-text\">Des diplomates ont indiqu\u00e9 qu\u2019une r\u00e9union non programm\u00e9e des ambassadeurs des 27 pays de l\u2019UE avait \u00e9t\u00e9 convoqu\u00e9e \u00e0 Bruxelles pour dimanche apr\u00e8s-midi afin de discuter de la derni\u00e8re initiative de Trump<\/p>\n<p class=\"asset asset-text\">Le tarif douanier pour l\u2019UE est nettement plus \u00e9lev\u00e9 que la taxe de 20\u00a0% d\u00e9voil\u00e9e par Donald Trump en avril. L\u2019UE a pr\u00e9par\u00e9 des\u00a0droits\u00a0de r\u00e9torsion sur des produits am\u00e9ricains d\u2019une valeur d\u2019environ 21\u00a0milliards d\u2019euros apr\u00e8s que Trump a \u00e9galement impos\u00e9 des tarifs distincts sur les importations d\u2019acier et d\u2019aluminium plus t\u00f4t cette ann\u00e9e. Ils sont pour le moment suspendus jusqu\u2019au 14\u00a0juillet.<\/p>\n<p class=\"asset asset-text\">Les responsables europ\u00e9ens n\u2019ont pris aucune mesure pour prolonger cette suspension mais ils pourraient le faire rapidement si n\u00e9cessaire, note l\u2019AFP.<\/p>\n","protected":false},"excerpt":{"rendered":"JOHN THYS \/ AFP Droits de douane\u00a0: l\u2019UE pr\u00e9pare ses \u00ab\u00a0contre-mesures\u00a0\u00bb apr\u00e8s la surench\u00e8re de Trump DOUANE &#8211;&hellip;\n","protected":false},"author":2,"featured_media":246007,"comment_status":"","ping_status":"","sticky":false,"template":"","format":"standard","meta":{"footnotes":""},"categories":[6],"tags":[35,75,2822,33,34,73,1011,27,14,364],"class_list":{"0":"post-246006","1":"post","2":"type-post","3":"status-publish","4":"format-standard","5":"has-post-thumbnail","7":"category-economie","8":"tag-business","9":"tag-donald-trump","10":"tag-douanes","11":"tag-economie","12":"tag-economy","13":"tag-etats-unis","14":"tag-fr","15":"tag-france","16":"tag-international","17":"tag-union-europeenne"},"share_on_mastodon":{"url":"https:\/\/pubeurope.com\/@fr\/114842960192087222","error":""},"_links":{"self":[{"href":"https:\/\/www.europesays.com\/fr\/wp-json\/wp\/v2\/posts\/246006","targetHints":{"allow":["GET"]}}],"collection":[{"href":"https:\/\/www.europesays.com\/fr\/wp-json\/wp\/v2\/posts"}],"about":[{"href":"https:\/\/www.europesays.com\/fr\/wp-json\/wp\/v2\/types\/post"}],"author":[{"embeddable":true,"href":"https:\/\/www.europesays.com\/fr\/wp-json\/wp\/v2\/users\/2"}],"replies":[{"embeddable":true,"href":"https:\/\/www.europesays.com\/fr\/wp-json\/wp\/v2\/comments?post=246006"}],"version-history":[{"count":0,"href":"https:\/\/www.europesays.com\/fr\/wp-json\/wp\/v2\/posts\/246006\/revisions"}],"wp:featuredmedia":[{"embeddable":true,"href":"https:\/\/www.europesays.com\/fr\/wp-json\/wp\/v2\/media\/246007"}],"wp:attachment":[{"href":"https:\/\/www.europesays.com\/fr\/wp-json\/wp\/v2\/media?parent=246006"}],"wp:term":[{"taxonomy":"category","embeddable":true,"href":"https:\/\/www.europesays.com\/fr\/wp-json\/wp\/v2\/categories?post=246006"},{"taxonomy":"post_tag","embeddable":true,"href":"https:\/\/www.europesays.com\/fr\/wp-json\/wp\/v2\/tags?post=246006"}],"curies":[{"name":"wp","href":"https:\/\/api.w.org\/{rel}","templated":true}]}}