{"id":246010,"date":"2025-07-12T23:55:11","date_gmt":"2025-07-12T23:55:11","guid":{"rendered":"https:\/\/www.europesays.com\/fr\/246010\/"},"modified":"2025-07-12T23:55:11","modified_gmt":"2025-07-12T23:55:11","slug":"dans-laude-et-les-pyrenees-orientales-les-images-impressionnantes-des-pluies-diluviennes","status":"publish","type":"post","link":"https:\/\/www.europesays.com\/fr\/246010\/","title":{"rendered":"dans l\u2019Aude et les Pyr\u00e9n\u00e9es-Orientales, les images impressionnantes des pluies diluviennes"},"content":{"rendered":"<p>        <img decoding=\"async\" loading=\"lazy\" src=\"https:\/\/www.europesays.com\/fr\/wp-content\/uploads\/2025\/07\/8257f2a_sirius-fs-upload-1-tgrplz5ljcbs-1744302218907-000-13z0ao.jpg\"  width=\"728\" height=\"410\" alt=\"Orages\u00a0: dans l\u2019Aude et les Pyr\u00e9n\u00e9es-Orientales, les images impressionnantes des pluies diluviennes\"\/>  <\/p>\n<p>VALERY HACHE \/ AFP<\/p>\n<p>Orages\u00a0: dans l\u2019Aude et les Pyr\u00e9n\u00e9es-Orientales, les images impressionnantes des pluies diluviennes<\/p>\n<p class=\"asset asset-text\">METEO &#8211; Des trombes d\u2019eau. Les <a href=\"https:\/\/www.huffingtonpost.fr\/france\/article\/meteo-l-aude-et-les-pyrenees-orientales-places-en-vigilance-orange-orages-intenses-et-grele-attendus_252521.html\" target=\"_blank\" rel=\"noopener\">d\u00e9partements de l\u2019Aude et des\u00a0Pyr\u00e9n\u00e9es-Orientales<\/a>, qui \u00e9taient plac\u00e9s en vigilance orange pluie-inondation et orages ce samedi 12\u00a0juillet \u00e0 partir de midi, ont vu des pluies torrentielles s\u2019abattre sur eux.<\/p>\n<p class=\"asset asset-text\">\u00ab\u00a0D\u00e8s le d\u00e9but d\u2019apr\u00e8s-midi des orages risquent de se d\u00e9velopper, pour engendrer localement des pr\u00e9cipitations localement intenses, et de la gr\u00eale\u00a0\u00bb, avait indiqu\u00e9<a href=\"https:\/\/www.huffingtonpost.fr\/france\/article\/la-vigilance-orange-canicule-sera-levee-lundi-en-corse-plus-aucun-departement-concerne_252289.html\" target=\"_blank\" rel=\"noopener\"> M\u00e9t\u00e9o France<\/a> dans son bulletin publi\u00e9 \u00e0 6h. Et \u00e7a n\u2019a pas manqu\u00e9. Sur les r\u00e9seaux sociaux, les internautes ont partag\u00e9 les images des intemp\u00e9ries.<\/p>\n<p class=\"asset asset-text\">M\u00eame l\u2019H\u00e9rault, qui n\u2019\u00e9tait pas en vigilance orange, a eu son lot de pluie.<\/p>\n<p> La lecture de ce contenu est susceptible d\u2019entra\u00eener un d\u00e9p\u00f4t de cookies de la part de l\u2019op\u00e9rateur tiers qui l\u2019h\u00e9berge. Compte-tenu des choix que vous avez exprim\u00e9s en mati\u00e8re de d\u00e9p\u00f4t de cookies, nous avons bloqu\u00e9 l\u2019affichage de ce contenu. Si vous souhaitez y acc\u00e9der, vous devez accepter la cat\u00e9gorie de cookies \u201cContenus tiers\u201d en cliquant sur le bouton ci-dessous. <\/p>\n<p> Lire la Vid\u00e9o           <\/p>\n<p> La lecture de ce contenu est susceptible d\u2019entra\u00eener un d\u00e9p\u00f4t de cookies de la part de l\u2019op\u00e9rateur tiers qui l\u2019h\u00e9berge. Compte-tenu des choix que vous avez exprim\u00e9s en mati\u00e8re de d\u00e9p\u00f4t de cookies, nous avons bloqu\u00e9 l\u2019affichage de ce contenu. Si vous souhaitez y acc\u00e9der, vous devez accepter la cat\u00e9gorie de cookies \u201cContenus tiers\u201d en cliquant sur le bouton ci-dessous. <\/p>\n<p> Lire la Vid\u00e9o           <\/p>\n<p> La lecture de ce contenu est susceptible d\u2019entra\u00eener un d\u00e9p\u00f4t de cookies de la part de l\u2019op\u00e9rateur tiers qui l\u2019h\u00e9berge. Compte-tenu des choix que vous avez exprim\u00e9s en mati\u00e8re de d\u00e9p\u00f4t de cookies, nous avons bloqu\u00e9 l\u2019affichage de ce contenu. Si vous souhaitez y acc\u00e9der, vous devez accepter la cat\u00e9gorie de cookies \u201cContenus tiers\u201d en cliquant sur le bouton ci-dessous. <\/p>\n<p> Lire la Vid\u00e9o        <\/p>\n<p class=\"asset asset-text\">Les deux d\u00e9partements ont \u00e9t\u00e9 r\u00e9trograd\u00e9s en vigilance jaune vers 20h.<\/p>\n<p> La lecture de ce contenu est susceptible d\u2019entra\u00eener un d\u00e9p\u00f4t de cookies de la part de l\u2019op\u00e9rateur tiers qui l\u2019h\u00e9berge. Compte-tenu des choix que vous avez exprim\u00e9s en mati\u00e8re de d\u00e9p\u00f4t de cookies, nous avons bloqu\u00e9 l\u2019affichage de ce contenu. Si vous souhaitez y acc\u00e9der, vous devez accepter la cat\u00e9gorie de cookies \u201cContenus tiers\u201d en cliquant sur le bouton ci-dessous. <\/p>\n<p> Lire la Vid\u00e9o           <\/p>\n<p> La lecture de ce contenu est susceptible d\u2019entra\u00eener un d\u00e9p\u00f4t de cookies de la part de l\u2019op\u00e9rateur tiers qui l\u2019h\u00e9berge. Compte-tenu des choix que vous avez exprim\u00e9s en mati\u00e8re de d\u00e9p\u00f4t de cookies, nous avons bloqu\u00e9 l\u2019affichage de ce contenu. Si vous souhaitez y acc\u00e9der, vous devez accepter la cat\u00e9gorie de cookies \u201cContenus tiers\u201d en cliquant sur le bouton ci-dessous. <\/p>\n<p> Lire la Vid\u00e9o        <\/p>\n<p class=\"asset asset-text\">M\u00e9t\u00e9o-France pr\u00e9cisait qu\u2019\u00ab\u00a0en peu de temps, ces pluies orageuses donneront de 50 \u00e0 80\u00a0mm, avec sur l\u2019\u00e9pisode jusqu\u2019\u00e0 100 ou 120mm, voire ponctuellement plus. Des gr\u00ealons de plusieurs cm de diam\u00e8tre sont probables\u00a0\u00bb.<\/p>\n<p>    Trafic ferroviaire totalement interrompu en Catalogne    <\/p>\n<p class=\"asset asset-text\">Non loin de l\u00e0, de l\u2019autre c\u00f4t\u00e9 de la fronti\u00e8re espagnole, en Catalogne, le trafic ferroviaire a \u00e9t\u00e9 totalement interrompu durant plusieurs heures \u00e0 cause des intemp\u00e9ries et des inondations ponctuelles ont \u00e9t\u00e9 signal\u00e9es par les autorit\u00e9s.<\/p>\n<p class=\"asset asset-text\">Selon l\u2019agence m\u00e9t\u00e9orologique Aemet, qui avait plac\u00e9 en alerte rouge une grande partie de la Catalogne samedi apr\u00e8s-midi, plus de 100 millim\u00e8tres d\u2019eau (100 litres par m\u00e8tre carr\u00e9) sont tomb\u00e9s par endroits en l\u2019espace de quelques heures.<\/p>\n<p> La lecture de ce contenu est susceptible d\u2019entra\u00eener un d\u00e9p\u00f4t de cookies de la part de l\u2019op\u00e9rateur tiers qui l\u2019h\u00e9berge. Compte-tenu des choix que vous avez exprim\u00e9s en mati\u00e8re de d\u00e9p\u00f4t de cookies, nous avons bloqu\u00e9 l\u2019affichage de ce contenu. Si vous souhaitez y acc\u00e9der, vous devez accepter la cat\u00e9gorie de cookies \u201cContenus tiers\u201d en cliquant sur le bouton ci-dessous. <\/p>\n<p> Lire la Vid\u00e9o        <\/p>\n<p class=\"asset asset-text\">Ces fortes pluies ont entra\u00een\u00e9 des inondations, notamment dans un h\u00f4pital de Barcelone, qui a d\u00fb refuser l\u2019entr\u00e9e de nouveaux patients apr\u00e8s avoir \u00e9t\u00e9 victime d\u2019une coupure \u00e9lectrique. Des routes ont \u00e9t\u00e9 coup\u00e9es. \u00c0 l\u2019a\u00e9roport de Barcelone, un avion qui venait de d\u00e9coller en direction des \u00c9tats-Unis a d\u00fb rebrousser chemin, le nez de l\u2019appareil ayant \u00e9t\u00e9 endommag\u00e9 par la gr\u00eale, d\u2019apr\u00e8s les contr\u00f4leurs a\u00e9riens.<\/p>\n<p> La lecture de ce contenu est susceptible d\u2019entra\u00eener un d\u00e9p\u00f4t de cookies de la part de l\u2019op\u00e9rateur tiers qui l\u2019h\u00e9berge. Compte-tenu des choix que vous avez exprim\u00e9s en mati\u00e8re de d\u00e9p\u00f4t de cookies, nous avons bloqu\u00e9 l\u2019affichage de ce contenu. Si vous souhaitez y acc\u00e9der, vous devez accepter la cat\u00e9gorie de cookies \u201cContenus tiers\u201d en cliquant sur le bouton ci-dessous. <\/p>\n<p> Lire la Vid\u00e9o        <\/p>\n<p class=\"asset asset-text\">Ces intemp\u00e9ries ont pouss\u00e9 la compagnie ferroviaire Renfe \u00e0 suspendre la circulation des trains durant plusieurs heures dans l\u2019ensemble de la Catalogne, aussi bien pour les trains \u00e0 grande vitesse que pour les trains r\u00e9gionaux et de banlieue.<\/p>\n<p> La lecture de ce contenu est susceptible d\u2019entra\u00eener un d\u00e9p\u00f4t de cookies de la part de l\u2019op\u00e9rateur tiers qui l\u2019h\u00e9berge. Compte-tenu des choix que vous avez exprim\u00e9s en mati\u00e8re de d\u00e9p\u00f4t de cookies, nous avons bloqu\u00e9 l\u2019affichage de ce contenu. Si vous souhaitez y acc\u00e9der, vous devez accepter la cat\u00e9gorie de cookies \u201cContenus tiers\u201d en cliquant sur le bouton ci-dessous. <\/p>\n<p> Lire la Vid\u00e9o           <\/p>\n<p> La lecture de ce contenu est susceptible d\u2019entra\u00eener un d\u00e9p\u00f4t de cookies de la part de l\u2019op\u00e9rateur tiers qui l\u2019h\u00e9berge. Compte-tenu des choix que vous avez exprim\u00e9s en mati\u00e8re de d\u00e9p\u00f4t de cookies, nous avons bloqu\u00e9 l\u2019affichage de ce contenu. Si vous souhaitez y acc\u00e9der, vous devez accepter la cat\u00e9gorie de cookies \u201cContenus tiers\u201d en cliquant sur le bouton ci-dessous. <\/p>\n<p> Lire la Vid\u00e9o        <\/p>\n<p class=\"asset asset-text\">Dans cette r\u00e9gion, plus de 70 personnes ont \u00e9t\u00e9 prises en charge par les services d\u2019urgence, mais aucune dans un \u00e9tat grave, selon les services d\u2019urgence. L\u2019alerte rouge, qui avait \u00e9t\u00e9 d\u00e9clench\u00e9e vers 17h, a \u00e9t\u00e9 lev\u00e9e deux heures plus tard.<\/p>\n<p class=\"asset asset-text\">Outre la Catalogne, plusieurs r\u00e9gions du nord et de l\u2019est de l\u2019Espagne ont \u00e9t\u00e9 affect\u00e9es par ces fortes pluies, dont l\u2019Aragon, o\u00f9 des soldats de l\u2019Unit\u00e9 militaire d\u2019urgences (UME) ont \u00e9t\u00e9 d\u00e9ploy\u00e9s, et la communaut\u00e9 de Valence.<\/p>\n","protected":false},"excerpt":{"rendered":"VALERY HACHE \/ AFP Orages\u00a0: dans l\u2019Aude et les Pyr\u00e9n\u00e9es-Orientales, les images impressionnantes des pluies diluviennes METEO &#8211;&hellip;\n","protected":false},"author":2,"featured_media":246011,"comment_status":"","ping_status":"","sticky":false,"template":"","format":"standard","meta":{"footnotes":""},"categories":[4],"tags":[11,436,1011,27,2487,12,4594,4459,25],"class_list":{"0":"post-246010","1":"post","2":"type-post","3":"status-publish","4":"format-standard","5":"has-post-thumbnail","7":"category-france","8":"tag-actualites","9":"tag-environnement","10":"tag-fr","11":"tag-france","12":"tag-meteo","13":"tag-news","14":"tag-orages","15":"tag-pluie","16":"tag-republique-francaise"},"share_on_mastodon":{"url":"https:\/\/pubeurope.com\/@fr\/114842967894521508","error":""},"_links":{"self":[{"href":"https:\/\/www.europesays.com\/fr\/wp-json\/wp\/v2\/posts\/246010","targetHints":{"allow":["GET"]}}],"collection":[{"href":"https:\/\/www.europesays.com\/fr\/wp-json\/wp\/v2\/posts"}],"about":[{"href":"https:\/\/www.europesays.com\/fr\/wp-json\/wp\/v2\/types\/post"}],"author":[{"embeddable":true,"href":"https:\/\/www.europesays.com\/fr\/wp-json\/wp\/v2\/users\/2"}],"replies":[{"embeddable":true,"href":"https:\/\/www.europesays.com\/fr\/wp-json\/wp\/v2\/comments?post=246010"}],"version-history":[{"count":0,"href":"https:\/\/www.europesays.com\/fr\/wp-json\/wp\/v2\/posts\/246010\/revisions"}],"wp:featuredmedia":[{"embeddable":true,"href":"https:\/\/www.europesays.com\/fr\/wp-json\/wp\/v2\/media\/246011"}],"wp:attachment":[{"href":"https:\/\/www.europesays.com\/fr\/wp-json\/wp\/v2\/media?parent=246010"}],"wp:term":[{"taxonomy":"category","embeddable":true,"href":"https:\/\/www.europesays.com\/fr\/wp-json\/wp\/v2\/categories?post=246010"},{"taxonomy":"post_tag","embeddable":true,"href":"https:\/\/www.europesays.com\/fr\/wp-json\/wp\/v2\/tags?post=246010"}],"curies":[{"name":"wp","href":"https:\/\/api.w.org\/{rel}","templated":true}]}}