{"id":24602,"date":"2025-04-14T15:47:09","date_gmt":"2025-04-14T15:47:09","guid":{"rendered":"https:\/\/www.europesays.com\/fr\/24602\/"},"modified":"2025-04-14T15:47:09","modified_gmt":"2025-04-14T15:47:09","slug":"video-allemagne-des-oeufs-de-paques-traditionnels-pour-la-minorite-sorabe","status":"publish","type":"post","link":"https:\/\/www.europesays.com\/fr\/24602\/","title":{"rendered":"Vid\u00e9o. Allemagne : des \u0153ufs de P\u00e2ques traditionnels pour la minorit\u00e9 sorabe"},"content":{"rendered":"<p>\n            Mis \u00e0 jour: 14\/04\/2025 &#8211; 17:25 UTC+2<\/p>\n<p>Les Sorabes modernes descendent des tribus slaves d&rsquo;Europe centrale et orientale qui se sont install\u00e9es en Allemagne il y a environ 1 500 ans.<br \/>\n              \u2026 Voir plus<\/p>\n<p>Les membres de la minorit\u00e9 ethnique sorabe d&rsquo;Allemagne ont commenc\u00e9 \u00e0 pr\u00e9parer des \u0153ufs de P\u00e2ques en utilisant une m\u00e9thode traditionnelle qui remonte au Moyen \u00c2ge.<\/p>\n<p>Des points de cire color\u00e9e sont appliqu\u00e9s sur des \u0153ufs teints, cr\u00e9ant des motifs complexes.<\/p>\n<p>Ce processus peut prendre entre 90 minutes et six heures, selon les techniques utilis\u00e9es, le motif et la taille de l&rsquo;\u0153uf.<\/p>\n<p>Les Sorabes modernes descendent des tribus slaves d&rsquo;Europe centrale et orientale qui se sont install\u00e9es en Allemagne il y a environ 1 500 ans.<\/p>\n<p>Environ 60 000 Sorabes vivent actuellement en Allemagne, r\u00e9partis entre les \u00c9tats f\u00e9d\u00e9raux de Saxe et de Brandebourg.<\/p>\n","protected":false},"excerpt":{"rendered":"Mis \u00e0 jour: 14\/04\/2025 &#8211; 17:25 UTC+2 Les Sorabes modernes descendent des tribus slaves d&rsquo;Europe centrale et orientale&hellip;\n","protected":false},"author":2,"featured_media":24603,"comment_status":"","ping_status":"","sticky":false,"template":"","format":"standard","meta":{"footnotes":""},"categories":[1587],"tags":[8859,8867,8863,11,672,1804,1805,1803,1777,674,1801,12,1802,8868,8864,8860,8862,8866,8870,8861,8865,8869],"class_list":{"0":"post-24602","1":"post","2":"type-post","3":"status-publish","4":"format-standard","5":"has-post-thumbnail","7":"category-allemagne","8":"tag-id125","9":"tag-id14416","10":"tag-id7912","11":"tag-actualites","12":"tag-allemagne","13":"tag-bundesrepublik-deutschland","14":"tag-de","15":"tag-deutschland","16":"tag-eu","17":"tag-europe","18":"tag-germany","19":"tag-news","20":"tag-republique-federale-dallemagne","21":"tag-slugeaster","22":"tag-slugethnic-minorities","23":"tag-sluggermany","24":"tag-titleallemagne","25":"tag-titleminoritu00e9s-ethniques","26":"tag-titlepu00e2ques","27":"tag-urlsafevalueallemagne","28":"tag-urlsafevalueminorites-ethniques","29":"tag-urlsafevaluepaques"},"share_on_mastodon":{"url":"https:\/\/pubeurope.com\/@fr\/114337103573742407","error":""},"_links":{"self":[{"href":"https:\/\/www.europesays.com\/fr\/wp-json\/wp\/v2\/posts\/24602","targetHints":{"allow":["GET"]}}],"collection":[{"href":"https:\/\/www.europesays.com\/fr\/wp-json\/wp\/v2\/posts"}],"about":[{"href":"https:\/\/www.europesays.com\/fr\/wp-json\/wp\/v2\/types\/post"}],"author":[{"embeddable":true,"href":"https:\/\/www.europesays.com\/fr\/wp-json\/wp\/v2\/users\/2"}],"replies":[{"embeddable":true,"href":"https:\/\/www.europesays.com\/fr\/wp-json\/wp\/v2\/comments?post=24602"}],"version-history":[{"count":0,"href":"https:\/\/www.europesays.com\/fr\/wp-json\/wp\/v2\/posts\/24602\/revisions"}],"wp:featuredmedia":[{"embeddable":true,"href":"https:\/\/www.europesays.com\/fr\/wp-json\/wp\/v2\/media\/24603"}],"wp:attachment":[{"href":"https:\/\/www.europesays.com\/fr\/wp-json\/wp\/v2\/media?parent=24602"}],"wp:term":[{"taxonomy":"category","embeddable":true,"href":"https:\/\/www.europesays.com\/fr\/wp-json\/wp\/v2\/categories?post=24602"},{"taxonomy":"post_tag","embeddable":true,"href":"https:\/\/www.europesays.com\/fr\/wp-json\/wp\/v2\/tags?post=24602"}],"curies":[{"name":"wp","href":"https:\/\/api.w.org\/{rel}","templated":true}]}}