{"id":246020,"date":"2025-07-13T00:03:10","date_gmt":"2025-07-13T00:03:10","guid":{"rendered":"https:\/\/www.europesays.com\/fr\/246020\/"},"modified":"2025-07-13T00:03:10","modified_gmt":"2025-07-13T00:03:10","slug":"previsions-du-dimanche-13-juillet-2025-7","status":"publish","type":"post","link":"https:\/\/www.europesays.com\/fr\/246020\/","title":{"rendered":"pr\u00e9visions du dimanche 13 juillet 2025"},"content":{"rendered":"<p>Dans la journ\u00e9e, les temp\u00e9ratures seront de 23\u00b0C \u00e0 Montpellier. Le ciel sera couvert dans la matin\u00e9e. Il va pleuvoir. Un petit vent de nord-est soufflera. C&rsquo;est un soleil \u00e9clatant qui va se montrer l&rsquo;apr\u00e8s-midi. Le soir, le mercure affichera 23\u00b0C en moyenne. On pr\u00e9voit une nuit avec un ciel relativement clair.<\/p>\n<p>Demain, un grand soleil rayonnera sur Montpellier. Le temps va se r\u00e9chauffer avec une augmentation de quelques degr\u00e9s. Il fera 25\u00b0C en moyenne. Une modeste brise de sud-ouest sera ressentie par les habitants. Les valeurs tourneront autour des 26\u00b0C dans la matin\u00e9e. Les temp\u00e9ratures s&rsquo;\u00e9chelonneront entre 28 et 29\u00b0C demain apr\u00e8s-midi.<\/p>\n<p>Peu d&rsquo;\u00e9volutions pour la suite. On s&rsquo;attend \u00e0 des journ\u00e9es ensoleill\u00e9es, avec des temp\u00e9ratures dans les 34\u00b0C en moyenne.<\/p>\n<p>Le 14 juillet, c&rsquo;est demain ! En ce jour de f\u00eate nationale qui a marqu\u00e9 l&rsquo;Histoire, pensez \u00e0 profiter de ce moment pour vous d\u00e9tendre !<\/p>\n","protected":false},"excerpt":{"rendered":"Dans la journ\u00e9e, les temp\u00e9ratures seront de 23\u00b0C \u00e0 Montpellier. Le ciel sera couvert dans la matin\u00e9e. Il&hellip;\n","protected":false},"author":2,"featured_media":246021,"comment_status":"","ping_status":"","sticky":false,"template":"","format":"standard","meta":{"footnotes":""},"categories":[9599],"tags":[1111,11,1777,674,1011,27,7089,2681,2208,12,2680,2119,25],"class_list":{"0":"post-246020","1":"post","2":"type-post","3":"status-publish","4":"format-standard","5":"has-post-thumbnail","7":"category-montpellier","8":"tag-actu","9":"tag-actualites","10":"tag-eu","11":"tag-europe","12":"tag-fr","13":"tag-france","14":"tag-herault","15":"tag-languedoc-roussillon","16":"tag-montpellier","17":"tag-news","18":"tag-occitanie","19":"tag-previsions-meteo","20":"tag-republique-francaise"},"share_on_mastodon":{"url":"https:\/\/pubeurope.com\/@fr\/114842999414815553","error":""},"_links":{"self":[{"href":"https:\/\/www.europesays.com\/fr\/wp-json\/wp\/v2\/posts\/246020","targetHints":{"allow":["GET"]}}],"collection":[{"href":"https:\/\/www.europesays.com\/fr\/wp-json\/wp\/v2\/posts"}],"about":[{"href":"https:\/\/www.europesays.com\/fr\/wp-json\/wp\/v2\/types\/post"}],"author":[{"embeddable":true,"href":"https:\/\/www.europesays.com\/fr\/wp-json\/wp\/v2\/users\/2"}],"replies":[{"embeddable":true,"href":"https:\/\/www.europesays.com\/fr\/wp-json\/wp\/v2\/comments?post=246020"}],"version-history":[{"count":0,"href":"https:\/\/www.europesays.com\/fr\/wp-json\/wp\/v2\/posts\/246020\/revisions"}],"wp:featuredmedia":[{"embeddable":true,"href":"https:\/\/www.europesays.com\/fr\/wp-json\/wp\/v2\/media\/246021"}],"wp:attachment":[{"href":"https:\/\/www.europesays.com\/fr\/wp-json\/wp\/v2\/media?parent=246020"}],"wp:term":[{"taxonomy":"category","embeddable":true,"href":"https:\/\/www.europesays.com\/fr\/wp-json\/wp\/v2\/categories?post=246020"},{"taxonomy":"post_tag","embeddable":true,"href":"https:\/\/www.europesays.com\/fr\/wp-json\/wp\/v2\/tags?post=246020"}],"curies":[{"name":"wp","href":"https:\/\/api.w.org\/{rel}","templated":true}]}}