{"id":246026,"date":"2025-07-13T00:11:11","date_gmt":"2025-07-13T00:11:11","guid":{"rendered":"https:\/\/www.europesays.com\/fr\/246026\/"},"modified":"2025-07-13T00:11:11","modified_gmt":"2025-07-13T00:11:11","slug":"previsions-du-dimanche-13-juillet-2025-8","status":"publish","type":"post","link":"https:\/\/www.europesays.com\/fr\/246026\/","title":{"rendered":"pr\u00e9visions du dimanche 13 juillet 2025"},"content":{"rendered":"<p>Aujourd&rsquo;hui, le soleil va peu \u00e0 peu supplanter les nuages \u00e0 Rennes. La chaleur estivale sera bien l\u00e0 puisque les valeurs seront tout de m\u00eame de 17\u00b0C au minimum et de 34\u00b0C au plus haut. D\u00e8s le matin, les temp\u00e9ratures \u00e9volueront entre 21 et 34\u2009\u00b0C. Un vent de sud-est soufflera l\u00e9g\u00e8rement, avec 15 km\/h. Les temp\u00e9ratures, plus estivales, vont conna\u00eetre une augmentation de quelques degr\u00e9s pendant l&rsquo;apr\u00e8s-midi. La ville va subir un passage de fortes chaleurs avec des valeurs qui atteindront parfois les 33\u00b0C. Un vent de sud-ouest, enregistrant 29 km\/h, soufflera. Des \u00e9claircies sont pr\u00e9vues : on passera une soir\u00e9e agr\u00e9able. Le ciel sera d\u00e9pourvu de nuages dans la nuit de dimanche \u00e0 lundi.<\/p>\n<p>Demain, \u00e0 Rennes, des nuages \u00e9mailleront le ciel, g\u00eanant ainsi l&rsquo;apparition du soleil. Le mercure va baisser de plusieurs degr\u00e9s. Ce sera un bel \u00e9t\u00e9 : les temp\u00e9ratures s&rsquo;\u00e9chelonneront entre 13 et 26\u00b0C. Un vent de sud-ouest soufflera \u00e0 22 km\/h. D&rsquo;un autre c\u00f4t\u00e9, le soleil sera au rendez-vous : une magnifique matin\u00e9e se profile ! Il fera environ 21\u00b0C. Le soleil se montrerait plus t\u00f4t dans l&rsquo;apr\u00e8s-midi si des nuages n&rsquo;\u00e9taient pas pr\u00e9sents dans le ciel. Des pluies \u00e9parses vont tomber. L&rsquo;\u00e9t\u00e9 s&rsquo;est d\u00e9finitivement install\u00e9 puisque les valeurs s&rsquo;\u00e9chelonneront de 22 \u00e0 26\u00b0C. Demain soir, le vent va progressivement \u00e9loigner les nuages.<\/p>\n<p>Les jours se succ\u00e8dent mais ne se ressemblent pas. Le temps sera changeant pour les jours \u00e0 venir. Apr\u00e8s une journ\u00e9e ensoleill\u00e9e mardi, on pr\u00e9voit une d\u00e9gradation mercredi.<\/p>\n<p>Demain, c&rsquo;est le moment de sortir entre amis ou en famille pour profiter de cette journ\u00e9e de f\u00eate nationale riche en \u00e9v\u00e9nements et \u00e9motions !<\/p>\n","protected":false},"excerpt":{"rendered":"Aujourd&rsquo;hui, le soleil va peu \u00e0 peu supplanter les nuages \u00e0 Rennes. La chaleur estivale sera bien l\u00e0&hellip;\n","protected":false},"author":2,"featured_media":246027,"comment_status":"","ping_status":"","sticky":false,"template":"","format":"standard","meta":{"footnotes":""},"categories":[2821],"tags":[1111,11,829,1777,674,1011,27,848,12,2119,584,25],"class_list":{"0":"post-246026","1":"post","2":"type-post","3":"status-publish","4":"format-standard","5":"has-post-thumbnail","7":"category-rennes","8":"tag-actu","9":"tag-actualites","10":"tag-bretagne","11":"tag-eu","12":"tag-europe","13":"tag-fr","14":"tag-france","15":"tag-ille-et-vilaine","16":"tag-news","17":"tag-previsions-meteo","18":"tag-rennes","19":"tag-republique-francaise"},"share_on_mastodon":{"url":"https:\/\/pubeurope.com\/@fr\/114843030844810294","error":""},"_links":{"self":[{"href":"https:\/\/www.europesays.com\/fr\/wp-json\/wp\/v2\/posts\/246026","targetHints":{"allow":["GET"]}}],"collection":[{"href":"https:\/\/www.europesays.com\/fr\/wp-json\/wp\/v2\/posts"}],"about":[{"href":"https:\/\/www.europesays.com\/fr\/wp-json\/wp\/v2\/types\/post"}],"author":[{"embeddable":true,"href":"https:\/\/www.europesays.com\/fr\/wp-json\/wp\/v2\/users\/2"}],"replies":[{"embeddable":true,"href":"https:\/\/www.europesays.com\/fr\/wp-json\/wp\/v2\/comments?post=246026"}],"version-history":[{"count":0,"href":"https:\/\/www.europesays.com\/fr\/wp-json\/wp\/v2\/posts\/246026\/revisions"}],"wp:featuredmedia":[{"embeddable":true,"href":"https:\/\/www.europesays.com\/fr\/wp-json\/wp\/v2\/media\/246027"}],"wp:attachment":[{"href":"https:\/\/www.europesays.com\/fr\/wp-json\/wp\/v2\/media?parent=246026"}],"wp:term":[{"taxonomy":"category","embeddable":true,"href":"https:\/\/www.europesays.com\/fr\/wp-json\/wp\/v2\/categories?post=246026"},{"taxonomy":"post_tag","embeddable":true,"href":"https:\/\/www.europesays.com\/fr\/wp-json\/wp\/v2\/tags?post=246026"}],"curies":[{"name":"wp","href":"https:\/\/api.w.org\/{rel}","templated":true}]}}