{"id":246028,"date":"2025-07-13T00:12:11","date_gmt":"2025-07-13T00:12:11","guid":{"rendered":"https:\/\/www.europesays.com\/fr\/246028\/"},"modified":"2025-07-13T00:12:11","modified_gmt":"2025-07-13T00:12:11","slug":"previsions-du-dimanche-13-juillet-2025-9","status":"publish","type":"post","link":"https:\/\/www.europesays.com\/fr\/246028\/","title":{"rendered":"pr\u00e9visions du dimanche 13 juillet 2025"},"content":{"rendered":"<p>Aujourd&rsquo;hui, le thermom\u00e8tre affichera 23\u00b0C en moyenne \u00e0 Strasbourg. Une brise de sud-ouest soufflera l\u00e9g\u00e8rement. Cette matin\u00e9e sera synonyme de grand soleil. Il fera en moyenne 25\u00b0C. Le temps va progressivement se couvrir durant l&rsquo;apr\u00e8s-midi du fait de l&rsquo;arriv\u00e9e de petits nuages. D&rsquo;un autre c\u00f4t\u00e9, l&rsquo;air ambiant va se r\u00e9chauffer avec une hausse de quelques degr\u00e9s. Les temp\u00e9ratures maximales attendues sont \u00e9lev\u00e9es, avec 30\u00b0C. Les valeurs afficheront entre 27 et 30\u00b0C. Le soir, encore de l\u00e9gers nuages dans le ciel qui emp\u00eachent le soleil d&rsquo;appara\u00eetre. Entre dimanche et lundi, la nuit sera claire.<\/p>\n<p>Pour Strasbourg, une m\u00e9t\u00e9o plus chaude est \u00e0 pr\u00e9voir demain puisque le mercure va enregistrer une augmentation. Attention \u00e0 la vague de chaleur. Des temp\u00e9ratures de 18 \u00e0 32\u00b0C sont annonc\u00e9es. Les valeurs seront comprises entre 18 et 32\u00b0C. Un modeste vent de sud-ouest sera ressenti par les habitants. La ville aura quelques \u00e9claircies le matin. Le soleil sera dominant, la garantie d&rsquo;un bel apr\u00e8s-midi ! Les temp\u00e9ratures vont monter de plusieurs degr\u00e9s. Les valeurs \u00e9volueront entre 30 et 32\u2009\u00b0C. Dans la soir\u00e9e, les temp\u00e9ratures avoisineront les 26\u00b0C.<\/p>\n<p>Le temps restera inchang\u00e9 les jours \u00e0 venir. Le temps sera ensoleill\u00e9 avec des temp\u00e9ratures avoisinant 26\u00b0C.<\/p>\n<p>Demain, c&rsquo;est la f\u00eate nationale fran\u00e7aise qui comm\u00e9more la prise de la Bastille ainsi que la F\u00eate de la F\u00e9d\u00e9ration !<\/p>\n","protected":false},"excerpt":{"rendered":"Aujourd&rsquo;hui, le thermom\u00e8tre affichera 23\u00b0C en moyenne \u00e0 Strasbourg. Une brise de sud-ouest soufflera l\u00e9g\u00e8rement. Cette matin\u00e9e sera&hellip;\n","protected":false},"author":2,"featured_media":246029,"comment_status":"","ping_status":"","sticky":false,"template":"","format":"standard","meta":{"footnotes":""},"categories":[2820],"tags":[1111,11,2389,2649,1777,674,1011,27,775,12,2119,25,640],"class_list":{"0":"post-246028","1":"post","2":"type-post","3":"status-publish","4":"format-standard","5":"has-post-thumbnail","7":"category-strasbourg","8":"tag-actu","9":"tag-actualites","10":"tag-alsace","11":"tag-bas-rhin","12":"tag-eu","13":"tag-europe","14":"tag-fr","15":"tag-france","16":"tag-grand-est","17":"tag-news","18":"tag-previsions-meteo","19":"tag-republique-francaise","20":"tag-strasbourg"},"share_on_mastodon":{"url":"https:\/\/pubeurope.com\/@fr\/114843034851381375","error":""},"_links":{"self":[{"href":"https:\/\/www.europesays.com\/fr\/wp-json\/wp\/v2\/posts\/246028","targetHints":{"allow":["GET"]}}],"collection":[{"href":"https:\/\/www.europesays.com\/fr\/wp-json\/wp\/v2\/posts"}],"about":[{"href":"https:\/\/www.europesays.com\/fr\/wp-json\/wp\/v2\/types\/post"}],"author":[{"embeddable":true,"href":"https:\/\/www.europesays.com\/fr\/wp-json\/wp\/v2\/users\/2"}],"replies":[{"embeddable":true,"href":"https:\/\/www.europesays.com\/fr\/wp-json\/wp\/v2\/comments?post=246028"}],"version-history":[{"count":0,"href":"https:\/\/www.europesays.com\/fr\/wp-json\/wp\/v2\/posts\/246028\/revisions"}],"wp:featuredmedia":[{"embeddable":true,"href":"https:\/\/www.europesays.com\/fr\/wp-json\/wp\/v2\/media\/246029"}],"wp:attachment":[{"href":"https:\/\/www.europesays.com\/fr\/wp-json\/wp\/v2\/media?parent=246028"}],"wp:term":[{"taxonomy":"category","embeddable":true,"href":"https:\/\/www.europesays.com\/fr\/wp-json\/wp\/v2\/categories?post=246028"},{"taxonomy":"post_tag","embeddable":true,"href":"https:\/\/www.europesays.com\/fr\/wp-json\/wp\/v2\/tags?post=246028"}],"curies":[{"name":"wp","href":"https:\/\/api.w.org\/{rel}","templated":true}]}}