{"id":246032,"date":"2025-07-13T00:14:10","date_gmt":"2025-07-13T00:14:10","guid":{"rendered":"https:\/\/www.europesays.com\/fr\/246032\/"},"modified":"2025-07-13T00:14:10","modified_gmt":"2025-07-13T00:14:10","slug":"previsions-du-dimanche-13-juillet-2025-10","status":"publish","type":"post","link":"https:\/\/www.europesays.com\/fr\/246032\/","title":{"rendered":"pr\u00e9visions du dimanche 13 juillet 2025"},"content":{"rendered":"<p>Un splendide soleil va briller sur Nice et ce, tout au long de la journ\u00e9e. Les temp\u00e9ratures iront de 20 \u00e0 25\u00b0C. Un l\u00e9ger vent de sud-est soufflera. Les valeurs seront de 22\u00b0C au plus bas et de 25\u00b0C au maximum la matin\u00e9e. Les temp\u00e9ratures seront comprises entre 24\u00b0C et 25\u00b0C dans l&rsquo;apr\u00e8s-midi. Il va faire environ 22\u00b0C, le soir. Entre dimanche et lundi, la nuit sera claire.<\/p>\n<p>Demain, les valeurs s&rsquo;\u00e9chelonneront entre 20 et 25\u00b0C \u00e0 Nice. Un vent de sud-est rafra\u00eechira quelque peu l&rsquo;atmosph\u00e8re. Petits et grands pourront appr\u00e9cier leur matin\u00e9e sous un ciel l\u00e9g\u00e8rement nuageux. Les maximales pourront atteindre 25\u00b0C et les minimales seront de 22\u00b0C. Le soleil sera au rendez-vous : un bel apr\u00e8s-midi se profile ! Les temp\u00e9ratures afficheront entre 24 et 25\u00b0C. Les valeurs seront comprises entre 22 et 23\u00b0C durant la soir\u00e9e.<\/p>\n<p>Pour les jours suivants, la m\u00e9t\u00e9o ne changera pas. Le temps sera ensoleill\u00e9 avec des temp\u00e9ratures autour de 28\u00b0C.<\/p>\n<p>Demain, c&rsquo;est la f\u00eate nationale fran\u00e7aise qui comm\u00e9more la prise de la Bastille ainsi que la F\u00eate de la F\u00e9d\u00e9ration !<\/p>\n","protected":false},"excerpt":{"rendered":"Un splendide soleil va briller sur Nice et ce, tout au long de la journ\u00e9e. Les temp\u00e9ratures iront&hellip;\n","protected":false},"author":2,"featured_media":246033,"comment_status":"","ping_status":"","sticky":false,"template":"","format":"standard","meta":{"footnotes":""},"categories":[2819],"tags":[1111,11,2898,1777,674,1011,27,12,2401,883,2119,882,25],"class_list":{"0":"post-246032","1":"post","2":"type-post","3":"status-publish","4":"format-standard","5":"has-post-thumbnail","7":"category-nice","8":"tag-actu","9":"tag-actualites","10":"tag-alpes-maritimes","11":"tag-eu","12":"tag-europe","13":"tag-fr","14":"tag-france","15":"tag-news","16":"tag-nice","17":"tag-paca","18":"tag-previsions-meteo","19":"tag-provence-alpes-cote-dazur","20":"tag-republique-francaise"},"share_on_mastodon":{"url":"https:\/\/pubeurope.com\/@fr\/114843042639868979","error":""},"_links":{"self":[{"href":"https:\/\/www.europesays.com\/fr\/wp-json\/wp\/v2\/posts\/246032","targetHints":{"allow":["GET"]}}],"collection":[{"href":"https:\/\/www.europesays.com\/fr\/wp-json\/wp\/v2\/posts"}],"about":[{"href":"https:\/\/www.europesays.com\/fr\/wp-json\/wp\/v2\/types\/post"}],"author":[{"embeddable":true,"href":"https:\/\/www.europesays.com\/fr\/wp-json\/wp\/v2\/users\/2"}],"replies":[{"embeddable":true,"href":"https:\/\/www.europesays.com\/fr\/wp-json\/wp\/v2\/comments?post=246032"}],"version-history":[{"count":0,"href":"https:\/\/www.europesays.com\/fr\/wp-json\/wp\/v2\/posts\/246032\/revisions"}],"wp:featuredmedia":[{"embeddable":true,"href":"https:\/\/www.europesays.com\/fr\/wp-json\/wp\/v2\/media\/246033"}],"wp:attachment":[{"href":"https:\/\/www.europesays.com\/fr\/wp-json\/wp\/v2\/media?parent=246032"}],"wp:term":[{"taxonomy":"category","embeddable":true,"href":"https:\/\/www.europesays.com\/fr\/wp-json\/wp\/v2\/categories?post=246032"},{"taxonomy":"post_tag","embeddable":true,"href":"https:\/\/www.europesays.com\/fr\/wp-json\/wp\/v2\/tags?post=246032"}],"curies":[{"name":"wp","href":"https:\/\/api.w.org\/{rel}","templated":true}]}}