{"id":246046,"date":"2025-07-13T00:25:25","date_gmt":"2025-07-13T00:25:25","guid":{"rendered":"https:\/\/www.europesays.com\/fr\/246046\/"},"modified":"2025-07-13T00:25:25","modified_gmt":"2025-07-13T00:25:25","slug":"bad-bunny-entame-une-serie-de-concerts-chez-lui-a-porto-rico-avec-un-public-survolte","status":"publish","type":"post","link":"https:\/\/www.europesays.com\/fr\/246046\/","title":{"rendered":"Bad Bunny entame une s\u00e9rie de concerts chez lui, \u00e0 Porto Rico, avec un public survolt\u00e9"},"content":{"rendered":"<p>Des milliers de Portoricains ont dans\u00e9 et chant\u00e9 ce vendredi au Coliseo de San Juan, la capitale de l\u2019\u00eele carib\u00e9enne, pour c\u00e9l\u00e9brer dans une ambiance survolt\u00e9e le d\u00e9but d\u2019une s\u00e9rie de concerts <a href=\"https:\/\/www.laprovence.com\/article\/culture-loisirs\/1175811179807915\/bad-bunny-bientot-en-concert-au-velodrome-a-marseille-ces-indices-creent-la-frenesie-chez-les-fans-du-rappeur\" target=\"_blank\" rel=\"noopener\">de Bad Bunny<\/a>, star mondiale du rap latino et enfant du pays.<\/p>\n<p>Avec ce spectacle bouillant o\u00f9 se m\u00ealent tambours et danses folkloriques aux rythmes reggaeton qui en ont fait une star mondiale, et devant un public d\u00e9cha\u00een\u00e9 qui reprend ses chansons en ch\u0153ur, l\u2019artiste a inaugur\u00e9 cette r\u00e9sidence de 30 concerts dont les premiers sont r\u00e9serv\u00e9s aux r\u00e9sidents locaux.<\/p>\n<p><a href=\"https:\/\/www.laprovence.com\/article\/culture-loisirs\/1266367502985715\/marseille-bad-bunny-sera-en-concert-le-1er-juillet-2026-au-velodrome-a-marseille\" target=\"_blank\" rel=\"noopener\">Bad Bunny, chanteur le plus \u00e9cout\u00e9 au monde sur Spotify entre\u00a02020 et\u00a02022<\/a>, est apparu sur sc\u00e8ne dans un d\u00e9cor de for\u00eat tropicale luxuriante et verdoyante, o\u00f9 il a rejoint une troupe de percussionnistes et danseurs. Les fans portent des chemises aux couleurs de leur drapeau, ou sont envelopp\u00e9s dans la banni\u00e8re bleu, blanc et rouge du territoire.<\/p>\n<p>\u00ab\u00a0C\u2019est super \u00e9mouvant\u00a0\u00bb, savoure Amanda Sanchez, 30\u00a0ans, \u00e0 l\u2019AFP. \u00ab\u00a0Je pense que Benito (le pr\u00e9nom de Bad Bunny) a fait quelque chose de vraiment transcendantal pour la culture, ici \u00e0 Porto Rico\u00a0\u00bb, observe cette cr\u00e9atrice de contenu, v\u00eatue d\u2019un foulard rouge et d\u2019un haut de bikini assorti.<\/p>\n<p>Un avant-go\u00fbt pour les fans marseillais\u00a0?<\/p>\n<p>La tourn\u00e9e, intitul\u00e9e \u00ab\u00a0No Me Quiero Ir De Aqui\u00a0\u00bb (\u00ab\u00a0Je ne veux pas partir d\u2019ici\u00a0\u00bb) accompagne le sixi\u00e8me album (\u00ab\u00a0Debi Tirar Mas Fotos\u00a0\u00bb &#8211; \u00ab\u00a0J\u2019aurais d\u00fb prendre plus de photos\u00a0\u00bb) de la star, un opus c\u00e9l\u00e9brant l\u2019identit\u00e9 de l\u2019\u00eele, territoire appartenant aux \u00c9tats-Unis mais dont les habitants n\u2019ont pas le droit de vote pour son \u00e9lection pr\u00e9sidentielle. La r\u00e9sidence de Bad Bunny, annonc\u00e9e en janvier, se poursuivra jusqu\u2019en septembre.<\/p>\n<p>L\u2019artiste entamera ensuite une tourn\u00e9e internationale tr\u00e8s attendue par ses nombreux fans. Notamment pour les Proven\u00e7aux.<\/p>\n<p>Bad Bunny a d\u00e9sormais une renomm\u00e9e mondiale, un statut notamment acquis gr\u00e2ce aux albums\u00a0Un verano sin ti (2022) et\u00a0Nadie sabe que lo va a pasar ma\u00f1ana (2023).<\/p>\n<p>Et c\u2019est <a href=\"https:\/\/www.laprovence.com\/article\/culture-loisirs\/97395975018716\/bad-bunny-un-velodrome-a-conquerir-sur-un-air-latino-le-1er-juillet-2026\" target=\"_blank\" rel=\"noopener\">au V\u00e9lodrome que le Portoricain viendra faire un show<\/a>, le 1er\u00a0juillet\u00a02026. Bad Bunny se produira \u00e0 Paris La D\u00e9fense Arena pour son autre date fran\u00e7aise, le 4\u00a0juillet\u00a02026, sept ans apr\u00e8s son dernier concert en France.<\/p>\n","protected":false},"excerpt":{"rendered":"Des milliers de Portoricains ont dans\u00e9 et chant\u00e9 ce vendredi au Coliseo de San Juan, la capitale de&hellip;\n","protected":false},"author":2,"featured_media":246047,"comment_status":"","ping_status":"","sticky":false,"template":"","format":"standard","meta":{"footnotes":""},"categories":[2814],"tags":[17,1111,11,18064,18065,3530,4156,251,34785,1777,674,1011,27,884,12,882,25,521,96],"class_list":{"0":"post-246046","1":"post","2":"type-post","3":"status-publish","4":"format-standard","5":"has-post-thumbnail","7":"category-marseille","8":"tag-17","9":"tag-actu","10":"tag-actualites","11":"tag-bad","12":"tag-bunny","13":"tag-chez","14":"tag-concerts","15":"tag-culture","16":"tag-entame","17":"tag-eu","18":"tag-europe","19":"tag-fr","20":"tag-france","21":"tag-marseille","22":"tag-news","23":"tag-provence-alpes-cote-dazur","24":"tag-republique-francaise","25":"tag-serie","26":"tag-une"},"share_on_mastodon":{"url":"https:\/\/pubeurope.com\/@fr\/114843086015042878","error":""},"_links":{"self":[{"href":"https:\/\/www.europesays.com\/fr\/wp-json\/wp\/v2\/posts\/246046","targetHints":{"allow":["GET"]}}],"collection":[{"href":"https:\/\/www.europesays.com\/fr\/wp-json\/wp\/v2\/posts"}],"about":[{"href":"https:\/\/www.europesays.com\/fr\/wp-json\/wp\/v2\/types\/post"}],"author":[{"embeddable":true,"href":"https:\/\/www.europesays.com\/fr\/wp-json\/wp\/v2\/users\/2"}],"replies":[{"embeddable":true,"href":"https:\/\/www.europesays.com\/fr\/wp-json\/wp\/v2\/comments?post=246046"}],"version-history":[{"count":0,"href":"https:\/\/www.europesays.com\/fr\/wp-json\/wp\/v2\/posts\/246046\/revisions"}],"wp:featuredmedia":[{"embeddable":true,"href":"https:\/\/www.europesays.com\/fr\/wp-json\/wp\/v2\/media\/246047"}],"wp:attachment":[{"href":"https:\/\/www.europesays.com\/fr\/wp-json\/wp\/v2\/media?parent=246046"}],"wp:term":[{"taxonomy":"category","embeddable":true,"href":"https:\/\/www.europesays.com\/fr\/wp-json\/wp\/v2\/categories?post=246046"},{"taxonomy":"post_tag","embeddable":true,"href":"https:\/\/www.europesays.com\/fr\/wp-json\/wp\/v2\/tags?post=246046"}],"curies":[{"name":"wp","href":"https:\/\/api.w.org\/{rel}","templated":true}]}}