{"id":246052,"date":"2025-07-13T00:29:13","date_gmt":"2025-07-13T00:29:13","guid":{"rendered":"https:\/\/www.europesays.com\/fr\/246052\/"},"modified":"2025-07-13T00:29:13","modified_gmt":"2025-07-13T00:29:13","slug":"cache-dans-un-sac-un-detenu-sest-evade-de-la-maison-darret-de-lyon-corbas","status":"publish","type":"post","link":"https:\/\/www.europesays.com\/fr\/246052\/","title":{"rendered":"cach\u00e9 dans un sac, un d\u00e9tenu s&rsquo;est \u00e9vad\u00e9 de la maison d&rsquo;arr\u00eat de Lyon-Corbas"},"content":{"rendered":"<p class=\"article-p mdl\">Un <strong>homme s&rsquo;est \u00e9chapp\u00e9 de la maison d&rsquo;arr\u00eat de Lyon-Corbas<\/strong> (Rh\u00f4ne), ce vendredi 11 juillet, a indiqu\u00e9 l&rsquo;administration p\u00e9nitentiaire. L&rsquo;\u00e9vasion n&rsquo;a \u00e9t\u00e9 constat\u00e9e que le lendemain, ce samedi.\u00a0<\/p>\n<p class=\"article-p mdl\">C&rsquo;est <strong>dans un sac<\/strong> que le d\u00e9tenu, \u00e2g\u00e9 d&rsquo;une vingtaine d&rsquo;ann\u00e9es, a r\u00e9ussi \u00e0 s&rsquo;\u00e9vader, indique\u00a0<a class=\"link\" href=\"https:\/\/www.leprogres.fr\/faits-divers-justice\/2025\/07\/12\/un-detenu-s-evade-de-la-maison-d-arret-de-lyon-corbas\" target=\"_blank\" rel=\"nofollow noopener\">Le Progr\u00e8s<\/a>.\u00a0Le parquet de Lyon a assur\u00e9 qu&rsquo;il a profit\u00e9 de la remise en libert\u00e9 de son co-d\u00e9tenu.<\/p>\n<p class=\"article-p mdl\">Selon le quotidien r\u00e9gional, il purgeait plusieurs peines d&#8217;emprisonnement et \u00ab\u00a0faisait par ailleurs l&rsquo;objet d&rsquo;un mandat de d\u00e9p\u00f4t dans le cadre d&rsquo;une information judiciaire li\u00e9e \u00e0 la criminalit\u00e9 organis\u00e9e\u00a0\u00bb, est-il indiqu\u00e9. L&rsquo;homme <strong>serait mis en cause dans un double assassinat<\/strong>.<\/p>\n<p class=\"article-p mdl\">Une enqu\u00eate a \u00e9t\u00e9 ouverte des chefs d&rsquo;\u00e9vasion en bande organis\u00e9e et association de malfaiteurs, confirme l&rsquo;administration p\u00e9nitentiaire, relay\u00e9e par\u00a0<a class=\"link\" href=\"https:\/\/www.bfmtv.com\/lyon\/info-bfmtv-un-detenu-s-est-echappe-de-la-maison-d-arret-de-corbas-pres-de-lyon_AN-202507120281.html\" target=\"_blank\" rel=\"nofollow noopener\">BFM TV<\/a>. <strong>L&rsquo;homme est toujours recherch\u00e9.<\/strong><\/p>\n<p class=\"article-p mdl\">Cette maison d&rsquo;arr\u00eat affiche un <strong>taux d&rsquo;occupation de 180 %<\/strong>. Elle accueillait quelque 1 218 personnes pour seulement 678 places.<\/p>\n<p>    La r\u00e9daction vous recommande<\/p>\n<p class=\"s-newsletter__title\">\n                L\u2019actualit\u00e9 par la r\u00e9daction de RTL dans votre bo\u00eete mail.\n            <\/p>\n<p class=\"s-newsletter__subtitle\">\n                Gr\u00e2ce \u00e0 votre compte RTL abonnez-vous \u00e0 la newsletter RTL info pour suivre toute l&rsquo;actualit\u00e9 au quotidien\n            <\/p>\n<p>\n                                    Lire la suite\n                                <\/p>\n","protected":false},"excerpt":{"rendered":"Un homme s&rsquo;est \u00e9chapp\u00e9 de la maison d&rsquo;arr\u00eat de Lyon-Corbas (Rh\u00f4ne), ce vendredi 11 juillet, a indiqu\u00e9 l&rsquo;administration&hellip;\n","protected":false},"author":2,"featured_media":246053,"comment_status":"","ping_status":"","sticky":false,"template":"","format":"standard","meta":{"footnotes":""},"categories":[1889],"tags":[1111,11,2430,1777,674,3727,118,107,1011,27,2428,12,1072,4293,899,25],"class_list":{"0":"post-246052","1":"post","2":"type-post","3":"status-publish","4":"format-standard","5":"has-post-thumbnail","7":"category-lyon","8":"tag-actu","9":"tag-actualites","10":"tag-auvergne-rhone-alpes","11":"tag-eu","12":"tag-europe","13":"tag-evasion","14":"tag-faits-divers","15":"tag-fil-info","16":"tag-fr","17":"tag-france","18":"tag-lyon","19":"tag-news","20":"tag-police","21":"tag-prisonnier","22":"tag-prisons","23":"tag-republique-francaise"},"share_on_mastodon":{"url":"https:\/\/pubeurope.com\/@fr\/114843101594903189","error":""},"_links":{"self":[{"href":"https:\/\/www.europesays.com\/fr\/wp-json\/wp\/v2\/posts\/246052","targetHints":{"allow":["GET"]}}],"collection":[{"href":"https:\/\/www.europesays.com\/fr\/wp-json\/wp\/v2\/posts"}],"about":[{"href":"https:\/\/www.europesays.com\/fr\/wp-json\/wp\/v2\/types\/post"}],"author":[{"embeddable":true,"href":"https:\/\/www.europesays.com\/fr\/wp-json\/wp\/v2\/users\/2"}],"replies":[{"embeddable":true,"href":"https:\/\/www.europesays.com\/fr\/wp-json\/wp\/v2\/comments?post=246052"}],"version-history":[{"count":0,"href":"https:\/\/www.europesays.com\/fr\/wp-json\/wp\/v2\/posts\/246052\/revisions"}],"wp:featuredmedia":[{"embeddable":true,"href":"https:\/\/www.europesays.com\/fr\/wp-json\/wp\/v2\/media\/246053"}],"wp:attachment":[{"href":"https:\/\/www.europesays.com\/fr\/wp-json\/wp\/v2\/media?parent=246052"}],"wp:term":[{"taxonomy":"category","embeddable":true,"href":"https:\/\/www.europesays.com\/fr\/wp-json\/wp\/v2\/categories?post=246052"},{"taxonomy":"post_tag","embeddable":true,"href":"https:\/\/www.europesays.com\/fr\/wp-json\/wp\/v2\/tags?post=246052"}],"curies":[{"name":"wp","href":"https:\/\/api.w.org\/{rel}","templated":true}]}}