{"id":246058,"date":"2025-07-13T00:34:12","date_gmt":"2025-07-13T00:34:12","guid":{"rendered":"https:\/\/www.europesays.com\/fr\/246058\/"},"modified":"2025-07-13T00:34:12","modified_gmt":"2025-07-13T00:34:12","slug":"14-juillet-2025-un-feu-dartifice-a-courbevoie-un-autre-a-puteaux-pour-la-fete-nationale","status":"publish","type":"post","link":"https:\/\/www.europesays.com\/fr\/246058\/","title":{"rendered":"14 juillet 2025 : un feu d\u2019artifice \u00e0 Courbevoie, un autre \u00e0 Puteaux pour la F\u00eate nationale"},"content":{"rendered":"<p class=\"tdm-descr\">Bienvenue sur le site d\u2019actualit\u00e9 et d\u2019informations d\u00e9di\u00e9 \u00e0 La D\u00e9fense, le premier quartier d\u2019affaire en Europe, situ\u00e9 sur les communes de Puteaux, Courbevoie et Nanterre.<\/p>\n<p class=\"tdm-descr\">Retrouvez d\u00e8s la page d\u2019accueil toutes les informations immobili\u00e8res, \u00e9conomiques, sociales, commerciales et culturelles qui font l\u2019actualit\u00e9 du territoire, et acc\u00e9dez gratuitement \u00e0 l\u2019ensemble de nos articles, dossiers et galeries photos publi\u00e9s depuis 2003.<\/p>\n","protected":false},"excerpt":{"rendered":"Bienvenue sur le site d\u2019actualit\u00e9 et d\u2019informations d\u00e9di\u00e9 \u00e0 La D\u00e9fense, le premier quartier d\u2019affaire en Europe, situ\u00e9&hellip;\n","protected":false},"author":2,"featured_media":246059,"comment_status":"","ping_status":"","sticky":false,"template":"","format":"standard","meta":{"footnotes":""},"categories":[1888],"tags":[11,1777,674,1011,27,12,626,25],"class_list":{"0":"post-246058","1":"post","2":"type-post","3":"status-publish","4":"format-standard","5":"has-post-thumbnail","7":"category-paris","8":"tag-actualites","9":"tag-eu","10":"tag-europe","11":"tag-fr","12":"tag-france","13":"tag-news","14":"tag-paris","15":"tag-republique-francaise"},"share_on_mastodon":{"url":"https:\/\/pubeurope.com\/@fr\/114843121307289496","error":""},"_links":{"self":[{"href":"https:\/\/www.europesays.com\/fr\/wp-json\/wp\/v2\/posts\/246058","targetHints":{"allow":["GET"]}}],"collection":[{"href":"https:\/\/www.europesays.com\/fr\/wp-json\/wp\/v2\/posts"}],"about":[{"href":"https:\/\/www.europesays.com\/fr\/wp-json\/wp\/v2\/types\/post"}],"author":[{"embeddable":true,"href":"https:\/\/www.europesays.com\/fr\/wp-json\/wp\/v2\/users\/2"}],"replies":[{"embeddable":true,"href":"https:\/\/www.europesays.com\/fr\/wp-json\/wp\/v2\/comments?post=246058"}],"version-history":[{"count":0,"href":"https:\/\/www.europesays.com\/fr\/wp-json\/wp\/v2\/posts\/246058\/revisions"}],"wp:featuredmedia":[{"embeddable":true,"href":"https:\/\/www.europesays.com\/fr\/wp-json\/wp\/v2\/media\/246059"}],"wp:attachment":[{"href":"https:\/\/www.europesays.com\/fr\/wp-json\/wp\/v2\/media?parent=246058"}],"wp:term":[{"taxonomy":"category","embeddable":true,"href":"https:\/\/www.europesays.com\/fr\/wp-json\/wp\/v2\/categories?post=246058"},{"taxonomy":"post_tag","embeddable":true,"href":"https:\/\/www.europesays.com\/fr\/wp-json\/wp\/v2\/tags?post=246058"}],"curies":[{"name":"wp","href":"https:\/\/api.w.org\/{rel}","templated":true}]}}