{"id":24606,"date":"2025-04-14T15:49:09","date_gmt":"2025-04-14T15:49:09","guid":{"rendered":"https:\/\/www.europesays.com\/fr\/24606\/"},"modified":"2025-04-14T15:49:09","modified_gmt":"2025-04-14T15:49:09","slug":"un-projet-de-recherche-de-lue-a-10-millions-deuros","status":"publish","type":"post","link":"https:\/\/www.europesays.com\/fr\/24606\/","title":{"rendered":"un projet de recherche de l\u2019UE \u00e0 10 millions d\u2019euros"},"content":{"rendered":"\n<p>La Commission europ\u00e9enne nous avait d\u00e9j\u00e0 habitu\u00e9 \u00e0 des financements sulfureux \u00e0 destination d\u2019associations faisant la promotion d\u2019un islam politique. Il se pourrait que ce dernier b\u00e9n\u00e9ficie aussi de l\u2019argent du contribuable europ\u00e9en au nom de \u00ab\u00a0l\u2019excellence scientifique en Europe\u00a0\u00bb. Tel est l\u2019objectif du Conseil europ\u00e9en de la recherche (CER), un organisme cr\u00e9\u00e9 par la Commission europ\u00e9enne en 2007, et qui a d\u00e9cid\u00e9 d\u2019allouer plus de 9,8 millions d\u2019euros \u00e0 un programme intitul\u00e9 \u00ab\u00a0Le Coran europ\u00e9en\u00a0\u00bb, dont le but est d\u2019\u00e9tudier comment le Coran a \u00e9t\u00e9 interpr\u00e9t\u00e9, adapt\u00e9 et utilis\u00e9 dans l\u2019Europe chr\u00e9tienne du Moyen-\u00c2ge, jusqu\u2019au d\u00e9but de l\u2019\u00e9poque moderne. Une somme consid\u00e9rable au regard du budget de 16 milliards d\u2019euros pour la p\u00e9riode 2021\u20132027 dont b\u00e9n\u00e9ficie le CER, qui a financ\u00e9 quelque 17 000 projets \u00e0 ce jour.<\/p>\n<p>Que le CER finance un programme de recherche sur l\u2019influence historique de l\u2019islam en Europe n\u2019a rien de surprenant. Mais derri\u00e8re la dimension universitaire, le projet, \u00e9galement r\u00e9f\u00e9renc\u00e9 sous l\u2019acronyme \u00ab\u00a0EuQu\u00a0\u00bb (pour \u00ab\u00a0The European Qur\u2019an\u00a0\u00bb), a une autre ambition, bien plus politique\u00a0: celle de \u00ab\u00a0remettre en question les perceptions traditionnelles du texte coranique et les id\u00e9es bien \u00e9tablies sur les identit\u00e9s religieuses et culturelles europ\u00e9ennes\u00a0\u00bb. L\u2019\u00e9quipe de chercheurs ne s\u2019en cache pas. Leur projet \u00ab\u00a0repose sur la conviction que le Coran a jou\u00e9 un r\u00f4le important dans la formation de la diversit\u00e9 et de l\u2019identit\u00e9 religieuses de l\u2019Europe au Moyen \u00c2ge et au d\u00e9but des Temps modernes, et qu\u2019il continue de le faire\u00a0\u00bb.<\/p>\n<p>  <strong>Expositions, livre, BD pour enfants<\/strong>  <\/p>\n<p>Et vu le profil de certains chercheurs, cette orientation n\u2019est pas si \u00e9tonnante. Les travaux lanc\u00e9s en avril 2019 jusqu\u2019en mars 2026 sont port\u00e9s par une trentaine d\u2019universitaires \u00e0 travers l\u2019Europe, encadr\u00e9s par quatre co-directeurs. Parmi lesquels John Tolan, professeur d\u2019histoire m\u00e9di\u00e9vale \u00e0 l\u2019universit\u00e9 de Nantes. Cet historien&#8230;<\/p>\n","protected":false},"excerpt":{"rendered":"La Commission europ\u00e9enne nous avait d\u00e9j\u00e0 habitu\u00e9 \u00e0 des financements sulfureux \u00e0 destination d\u2019associations faisant la promotion d\u2019un&hellip;\n","protected":false},"author":2,"featured_media":24607,"comment_status":"","ping_status":"","sticky":false,"template":"","format":"standard","meta":{"footnotes":""},"categories":[1586],"tags":[11,2196,8873,1777,674,1779,1011,27,14,5318,8872,1253,12,959,25,1778,364],"class_list":{"0":"post-24606","1":"post","2":"type-post","3":"status-publish","4":"format-standard","5":"has-post-thumbnail","7":"category-europe","8":"tag-actualites","9":"tag-commission-europeenne","10":"tag-coran","11":"tag-eu","12":"tag-europe","13":"tag-european-union","14":"tag-fr","15":"tag-france","16":"tag-international","17":"tag-islam","18":"tag-islam-politique","19":"tag-islamisme","20":"tag-news","21":"tag-recherche","22":"tag-republique-francaise","23":"tag-ue","24":"tag-union-europeenne"},"share_on_mastodon":{"url":"https:\/\/pubeurope.com\/@fr\/114337111354669927","error":""},"_links":{"self":[{"href":"https:\/\/www.europesays.com\/fr\/wp-json\/wp\/v2\/posts\/24606","targetHints":{"allow":["GET"]}}],"collection":[{"href":"https:\/\/www.europesays.com\/fr\/wp-json\/wp\/v2\/posts"}],"about":[{"href":"https:\/\/www.europesays.com\/fr\/wp-json\/wp\/v2\/types\/post"}],"author":[{"embeddable":true,"href":"https:\/\/www.europesays.com\/fr\/wp-json\/wp\/v2\/users\/2"}],"replies":[{"embeddable":true,"href":"https:\/\/www.europesays.com\/fr\/wp-json\/wp\/v2\/comments?post=24606"}],"version-history":[{"count":0,"href":"https:\/\/www.europesays.com\/fr\/wp-json\/wp\/v2\/posts\/24606\/revisions"}],"wp:featuredmedia":[{"embeddable":true,"href":"https:\/\/www.europesays.com\/fr\/wp-json\/wp\/v2\/media\/24607"}],"wp:attachment":[{"href":"https:\/\/www.europesays.com\/fr\/wp-json\/wp\/v2\/media?parent=24606"}],"wp:term":[{"taxonomy":"category","embeddable":true,"href":"https:\/\/www.europesays.com\/fr\/wp-json\/wp\/v2\/categories?post=24606"},{"taxonomy":"post_tag","embeddable":true,"href":"https:\/\/www.europesays.com\/fr\/wp-json\/wp\/v2\/tags?post=24606"}],"curies":[{"name":"wp","href":"https:\/\/api.w.org\/{rel}","templated":true}]}}