{"id":246062,"date":"2025-07-13T00:36:11","date_gmt":"2025-07-13T00:36:11","guid":{"rendered":"https:\/\/www.europesays.com\/fr\/246062\/"},"modified":"2025-07-13T00:36:11","modified_gmt":"2025-07-13T00:36:11","slug":"kim-jong-un-promet-un-soutien-inconditionnel-a-la-russie-toute-lactualite-en-france-et-dans-le-monde","status":"publish","type":"post","link":"https:\/\/www.europesays.com\/fr\/246062\/","title":{"rendered":"Kim Jong Un promet un soutien inconditionnel \u00e0 la Russie | Toute l\u2019actualit\u00e9 en France et dans le Monde"},"content":{"rendered":"\n<p>Selon KCNA, Kim Jong Un a d\u00e9clar\u00e9 \u00e0 son invit\u00e9 que la Cor\u00e9e du Nord \u00e9tait \u00ab pr\u00eate \u00e0 soutenir et \u00e0 encourager de fa\u00e7on inconditionnelle toutes les mesures prises par les dirigeants russes pour \u00e9liminer \u00e0 la racine la cause de la crise ukrainienne \u00bb. Le dirigeant nord-cor\u00e9en a \u00e9galement exprim\u00e9 sa \u00ab ferme conviction que l&rsquo;arm\u00e9e et le peuple russes remporteront une victoire certaine en accomplissant la cause sacr\u00e9e de d\u00e9fendre la dignit\u00e9 et des int\u00e9r\u00eats fondamentaux du pays \u00bb.<\/p>\n<p>Les deux hommes ont \u00e9galement discut\u00e9 de \u00ab questions importantes pour la mise en \u0153uvre fid\u00e8le des accords conclus \u00bb lors de leur sommet en 2024. Ce pacte de d\u00e9fense avait \u00e9t\u00e9 scell\u00e9 \u00e0 l&rsquo;occasion d&rsquo;une rare visite en Cor\u00e9e du Nord du pr\u00e9sident russe Vladimir Poutine.<\/p>\n<p>Contacts directs esp\u00e9r\u00e9s<\/p>\n<p>Sergue\u00ef Lavrov a affirm\u00e9 que Vladimir Poutine esp\u00e8re \u00ab la poursuite des contacts directs \u00bb avec Kim Jong Un \u00ab dans les plus brefs d\u00e9lais \u00bb, selon l&rsquo;agence russe d&rsquo;\u00c9tat Tass. Le Kremlin avait \u00e9t\u00e9 interrog\u00e9 cette semaine sur la possibilit\u00e9 d&rsquo;une visite prochaine du dirigeant nord-cor\u00e9en en Russie, mais avait r\u00e9pondu que cela n&rsquo;\u00e9tait pas pr\u00e9vu pour l&rsquo;instant.<\/p>\n<p>La rencontre Kim-Lavrov a eu lieu \u00e0 Wonsan, sur la c\u00f4te est de la Cor\u00e9e du Nord, o\u00f9 un important complexe touristique vient d&rsquo;\u00eatre inaugur\u00e9. Le chef de la diplomatie russe y a \u00e9galement rencontr\u00e9 son homologue nord-cor\u00e9enne Choe Son Hui.<\/p>\n<p>Comportement \u00ab h\u00e9ro\u00efque \u00bb salu\u00e9<\/p>\n<p>Sergue\u00ef Lavrov a remerci\u00e9 Choe Son Hui pour le comportement \u00ab h\u00e9ro\u00efque \u00bb des Nord-Cor\u00e9ens d\u00e9ploy\u00e9s aux c\u00f4t\u00e9s des forces russes contre l&rsquo;Ukraine, selon Tass. Les deux parties \u00ab ont soulign\u00e9 leur d\u00e9termination \u00e0 lutter ensemble contre les aspirations h\u00e9g\u00e9monistes d&rsquo;acteurs ext\u00e9rieurs \u00e0 la r\u00e9gion, qui conduisent \u00e0 une escalade des tensions dans le nord-est de l&rsquo;Asie et dans toute la r\u00e9gion Asie-Pacifique \u00bb, selon le minist\u00e8re russe des Affaires \u00e9trang\u00e8res.<\/p>\n<p>Questionn\u00e9 sur la possibilit\u00e9 que les troupes nord-cor\u00e9ennes soient d\u00e9ploy\u00e9es sur d&rsquo;autres parties du front, Sergue\u00ef Lavrov a r\u00e9pondu que c&rsquo;\u00e9tait \u00e0 Pyongyang de d\u00e9cider. \u00ab Nous partons du principe que la RPDC d\u00e9termine elle-m\u00eame les formes sous lesquelles nous mettons en \u0153uvre notre accord de partenariat strat\u00e9gique \u00bb, a-t-il dit, utilisant le sigle officiel du pays, la R\u00e9publique populaire et d\u00e9mocratique de Cor\u00e9e.<\/p>\n<p>Visite qui s&rsquo;ach\u00e8ve<\/p>\n<p>Selon les m\u00e9dias russes et nord-cor\u00e9ens, Sergue\u00ef Lavrov doit achever sa visite en Cor\u00e9e du Nord dimanche. Son voyage intervient un mois et demi apr\u00e8s celui du secr\u00e9taire du Conseil de s\u00e9curit\u00e9 russe Sergue\u00ef Cho\u00efgou.<\/p>\n<p>Peu avant la visite de Lavrov, les autorit\u00e9s russes avaient annonc\u00e9 le lancement d&rsquo;un vol direct deux fois par semaine entre Moscou et Pyongyang.<\/p>\n<p>(AFP) Note : Cet article a \u00e9t\u00e9 \u00e9dit\u00e9 avec l&rsquo;aide de l&rsquo;Intelligence Artificielle.<\/p>\n","protected":false},"excerpt":{"rendered":"Selon KCNA, Kim Jong Un a d\u00e9clar\u00e9 \u00e0 son invit\u00e9 que la Cor\u00e9e du Nord \u00e9tait \u00ab pr\u00eate&hellip;\n","protected":false},"author":2,"featured_media":246063,"comment_status":"","ping_status":"","sticky":false,"template":"","format":"standard","meta":{"footnotes":""},"categories":[1591],"tags":[11,1887,12,9024,1885,1886,132],"class_list":{"0":"post-246062","1":"post","2":"type-post","3":"status-publish","4":"format-standard","5":"has-post-thumbnail","7":"category-russie","8":"tag-actualites","9":"tag-federation-de-russie","10":"tag-news","11":"tag-politics","12":"tag-russia","13":"tag-russian-federation","14":"tag-russie"},"share_on_mastodon":{"url":"https:\/\/pubeurope.com\/@fr\/114843129176727650","error":""},"_links":{"self":[{"href":"https:\/\/www.europesays.com\/fr\/wp-json\/wp\/v2\/posts\/246062","targetHints":{"allow":["GET"]}}],"collection":[{"href":"https:\/\/www.europesays.com\/fr\/wp-json\/wp\/v2\/posts"}],"about":[{"href":"https:\/\/www.europesays.com\/fr\/wp-json\/wp\/v2\/types\/post"}],"author":[{"embeddable":true,"href":"https:\/\/www.europesays.com\/fr\/wp-json\/wp\/v2\/users\/2"}],"replies":[{"embeddable":true,"href":"https:\/\/www.europesays.com\/fr\/wp-json\/wp\/v2\/comments?post=246062"}],"version-history":[{"count":0,"href":"https:\/\/www.europesays.com\/fr\/wp-json\/wp\/v2\/posts\/246062\/revisions"}],"wp:featuredmedia":[{"embeddable":true,"href":"https:\/\/www.europesays.com\/fr\/wp-json\/wp\/v2\/media\/246063"}],"wp:attachment":[{"href":"https:\/\/www.europesays.com\/fr\/wp-json\/wp\/v2\/media?parent=246062"}],"wp:term":[{"taxonomy":"category","embeddable":true,"href":"https:\/\/www.europesays.com\/fr\/wp-json\/wp\/v2\/categories?post=246062"},{"taxonomy":"post_tag","embeddable":true,"href":"https:\/\/www.europesays.com\/fr\/wp-json\/wp\/v2\/tags?post=246062"}],"curies":[{"name":"wp","href":"https:\/\/api.w.org\/{rel}","templated":true}]}}