{"id":246066,"date":"2025-07-13T00:38:11","date_gmt":"2025-07-13T00:38:11","guid":{"rendered":"https:\/\/www.europesays.com\/fr\/246066\/"},"modified":"2025-07-13T00:38:11","modified_gmt":"2025-07-13T00:38:11","slug":"apres-les-inondations-au-texas-trump-retropedale-sur-la-fema-et-son-demantelement","status":"publish","type":"post","link":"https:\/\/www.europesays.com\/fr\/246066\/","title":{"rendered":"apr\u00e8s les inondations au Texas, Trump r\u00e9trop\u00e9dale sur la Fema et son d\u00e9mant\u00e8lement"},"content":{"rendered":"<p>Aux \u00c9tats-Unis, une semaine apr\u00e8s les inondations meurtri\u00e8res qui ont ravag\u00e9 le centre du Texas et fait au moins 120 morts, les questions subsistent sur d\u2019\u00e9ventuelles failles dues aux coupes budg\u00e9taires impos\u00e9es par l\u2019administration Trump. Mais alors qu\u2019il avait annonc\u00e9 un plan pour d\u00e9manteler la Fema, l\u2019Agence f\u00e9d\u00e9rale pour la gestion des catastrophes, le pr\u00e9sident semble ces derniers jours faire marche arri\u00e8re.<\/p>\n<p>Avec notre correspondante \u00e0 New York, <strong>Loubna Anaki<\/strong><\/p>\n<p>D\u00e8s ses premiers jours \u00e0 la Maison Blanche, <strong><a href=\"https:\/\/www.rfi.fr\/fr\/tag\/donald-trump\/\" class=\"link \" rel=\"nofollow noopener\" target=\"_blank\" data-ylk=\"slk:Donald Trump;elm:context_link;itc:0;sec:content-canvas\">Donald Trump<\/a><\/strong> n\u2019avait laiss\u00e9 aucune place au doute. \u00ab Nous allons r\u00e9duire la Fema et rendre le contr\u00f4le aux \u00c9tats \u00bb, avait-il d\u00e9clar\u00e9 \u00e0 l&rsquo;\u00e9poque.<\/p>\n<p>D\u00e9manteler l\u2019<a href=\"https:\/\/www.rfi.fr\/fr\/podcasts\/questions-d-environnement\/20250211-\u00e0-quoi-sert-la-fema-l-agence-f\u00e9d\u00e9rale-de-gestion-des-urgences-aux-\u00e9tats-unis\" rel=\"nofollow noopener\" target=\"_blank\" data-ylk=\"slk:Agence f\u00e9d\u00e9rale pour la gestion des catastrophes naturelles;elm:context_link;itc:0;sec:content-canvas\" class=\"link \"><strong>Agence f\u00e9d\u00e9rale pour la gestion des catastrophes naturelles<\/strong><\/a> pour d\u00e9charger le gouvernement f\u00e9d\u00e9ral et mettre la responsabilit\u00e9, notamment financi\u00e8re, entre les mains des autorit\u00e9s locales. C\u2019\u00e9tait jusqu\u2019\u00e0 il y a quelques mois le plan affich\u00e9 de l\u2019administration Trump, mais c\u2019\u00e9tait avant les inondations meurtri\u00e8res qui ont frapp\u00e9 le Texas.<\/p>\n<p>\u00c0 lire aussi<a href=\"https:\/\/www.rfi.fr\/fr\/am\u00e9riques\/20250712-texas-inondations-polemiques-visite-trump-salu\u00e9e\" class=\"link \" rel=\"nofollow noopener\" target=\"_blank\" data-ylk=\"slk:Inondations au Texas: au-del\u00e0 des pol\u00e9miques, la visite de Trump salu\u00e9e par les habitants;elm:context_link;itc:0;sec:content-canvas\">Inondations au Texas: au-del\u00e0 des pol\u00e9miques, la visite de Trump salu\u00e9e par les habitants<\/a><\/p>\n<p>Changement de discours<\/p>\n<p><a href=\"https:\/\/www.rfi.fr\/fr\/am%C3%A9riques\/20250712-%C3%A9tats-unis-apr%C3%A8s-les-inondations-au-texas-trump-r%C3%A9trop%C3%A9dale-sur-la-fema-et-son-d%C3%A9mant%C3%A8lement\" rel=\"nofollow noopener\" target=\"_blank\" data-ylk=\"slk:Lire la suite sur RFI;elm:context_link;itc:0;sec:content-canvas\" class=\"link \">Lire la suite sur RFI<\/a><\/p>\n","protected":false},"excerpt":{"rendered":"Aux \u00c9tats-Unis, une semaine apr\u00e8s les inondations meurtri\u00e8res qui ont ravag\u00e9 le centre du Texas et fait au&hellip;\n","protected":false},"author":2,"featured_media":246067,"comment_status":"","ping_status":"","sticky":false,"template":"","format":"standard","meta":{"footnotes":""},"categories":[1589],"tags":[11,73,1866,38573,2839,1324,10877,12,3926,467,1864,1865,1863,308],"class_list":{"0":"post-246066","1":"post","2":"type-post","3":"status-publish","4":"format-standard","5":"has-post-thumbnail","7":"category-etats-unis","8":"tag-actualites","9":"tag-etats-unis","10":"tag-etats-unis-damerique","11":"tag-gestion-des-catastrophes","12":"tag-inondations","13":"tag-la-maison-blanche","14":"tag-les-habitants","15":"tag-news","16":"tag-texas","17":"tag-trump","18":"tag-united-states","19":"tag-united-states-of-america","20":"tag-us","21":"tag-usa"},"share_on_mastodon":{"url":"https:\/\/pubeurope.com\/@fr\/114843137010435269","error":""},"_links":{"self":[{"href":"https:\/\/www.europesays.com\/fr\/wp-json\/wp\/v2\/posts\/246066","targetHints":{"allow":["GET"]}}],"collection":[{"href":"https:\/\/www.europesays.com\/fr\/wp-json\/wp\/v2\/posts"}],"about":[{"href":"https:\/\/www.europesays.com\/fr\/wp-json\/wp\/v2\/types\/post"}],"author":[{"embeddable":true,"href":"https:\/\/www.europesays.com\/fr\/wp-json\/wp\/v2\/users\/2"}],"replies":[{"embeddable":true,"href":"https:\/\/www.europesays.com\/fr\/wp-json\/wp\/v2\/comments?post=246066"}],"version-history":[{"count":0,"href":"https:\/\/www.europesays.com\/fr\/wp-json\/wp\/v2\/posts\/246066\/revisions"}],"wp:featuredmedia":[{"embeddable":true,"href":"https:\/\/www.europesays.com\/fr\/wp-json\/wp\/v2\/media\/246067"}],"wp:attachment":[{"href":"https:\/\/www.europesays.com\/fr\/wp-json\/wp\/v2\/media?parent=246066"}],"wp:term":[{"taxonomy":"category","embeddable":true,"href":"https:\/\/www.europesays.com\/fr\/wp-json\/wp\/v2\/categories?post=246066"},{"taxonomy":"post_tag","embeddable":true,"href":"https:\/\/www.europesays.com\/fr\/wp-json\/wp\/v2\/tags?post=246066"}],"curies":[{"name":"wp","href":"https:\/\/api.w.org\/{rel}","templated":true}]}}