{"id":246070,"date":"2025-07-13T00:40:11","date_gmt":"2025-07-13T00:40:11","guid":{"rendered":"https:\/\/www.europesays.com\/fr\/246070\/"},"modified":"2025-07-13T00:40:11","modified_gmt":"2025-07-13T00:40:11","slug":"la-suede-sans-pitie-pour-lallemagne-pour-remporter-le-groupe-c","status":"publish","type":"post","link":"https:\/\/www.europesays.com\/fr\/246070\/","title":{"rendered":"la Su\u00e8de sans piti\u00e9 pour l\u2019Allemagne pour remporter le groupe C"},"content":{"rendered":"<p>Les Su\u00e9doisent terminent en t\u00eate de la poule C de l\u2019Euro f\u00e9minin, en Suisse, apr\u00e8s leur carton face \u00e0 l\u2019Allemagne ce samedi, lors de la troisi\u00e8me et derni\u00e8re journ\u00e9e.<\/p>\n<p class=\"fig-paragraph\">Une nouvelle fois impressionnantes, les Su\u00e9doises se sont offert samedi la t\u00eate\u00a0<a href=\"https:\/\/www.lefigaro.fr\/sports\/football\/euro-feminin\/calendrier-resultats\/groupes#groupe-c\" target=\"_blank\" rel=\"nofollow noopener\" data-gtm-custom-categorie=\"navigation\" data-gtm-custom-action=\"crossclick\" data-gtm-custom-label=\"Contextuel\" data-gtm-event=\"customEventSPE\">au classement du groupe C<\/a>\u00a0de l&rsquo;Euro de football en dominant \u00e0 Zurich les Allemandes (<a href=\"https:\/\/www.lefigaro.fr\/sports\/football\/live\/euro-feminin\/2024\/2494096\/suede-allemagne\" target=\"_blank\" rel=\"nofollow noopener\" data-gtm-custom-categorie=\"navigation\" data-gtm-custom-action=\"crossclick\" data-gtm-custom-label=\"Contextuel\" data-gtm-event=\"customEventSPE\">4-1<\/a>), r\u00e9duites \u00e0 dix et possibles adversaires des Bleues en quart de finale. Les m\u00e9daill\u00e9es de bronze des Mondiaux 2019 et 2023, qui faisaient jusque-l\u00e0 figure de discr\u00e8tes outsiders derri\u00e8re les superstars espagnoles et anglaises, encha\u00eenent un troisi\u00e8me succ\u00e8s en trois matches et postulent un peu plus \u00e0 la victoire finale.<\/p>\n<p class=\"fig-paragraph\">En quart de finale, les joueuses de Peter Gerhardsson rencontreront jeudi \u00e0 Zurich les deuxi\u00e8mes du groupe D, actuellement men\u00e9 par la France devant l&rsquo;Angleterre, en attendant les deux derni\u00e8res rencontres dimanche. Les Allemandes, qui avaient ouvert le score, devront, elles, dig\u00e9rer leur premier revers du tournoi, apr\u00e8s deux succ\u00e8s contre la Pologne (2-0) et le Danemark (2-1), avant d&rsquo;affronter les premi\u00e8res du groupe D samedi prochain \u00e0 B\u00e2le.<\/p>\n<p>                                    <a class=\"fig-a11y-skip a11y-hidden\" href=\"#fig-a11y-skip-main-inarticle\"><br \/>\n        Passer la publicit\u00e9<br \/>\n    <\/a><\/p>\n<p class=\"fig-paragraph\">Pratiquement assur\u00e9es de leur qualification, les Bleues peuvent se pr\u00e9parer \u00e0 un quart intense quel que soit l&rsquo;adversaire, tant le choc du groupe C a \u00e9t\u00e9 d&#8217;embl\u00e9e haletant, physique, passant tr\u00e8s vite d&rsquo;une surface \u00e0 l&rsquo;autre. Lanc\u00e9es \u00e0 l&rsquo;abordage, les Allemandes n&rsquo;ont mis que 17 secondes \u00e0 alerter une premi\u00e8re fois Jennifer Falk, par la n\u00e9o-Lyonnaise Jule Brand, avant que Lea Sch\u00fcller ne fr\u00f4le le montant gauche sur un tr\u00e8s bel encha\u00eenement (2e). La m\u00eame Sch\u00fcller, double buteuse dans le tournoi, a trouv\u00e9 la jeune lat\u00e9rale droite Carlotta Wamser, qui a transmis \u00e0 Brand: l&rsquo;aili\u00e8re de 22 ans, tr\u00e8s en jambes, a ouvert le score d&rsquo;une frappe crois\u00e9e du droit (1-0, 7e).<\/p>\n<p>Gwinn venue en soutien<\/p>\n<p class=\"fig-paragraph\">Malgr\u00e9 la vitesse des aili\u00e8res allemandes, les \u00abBlagult\u00bb (Bleues et Jaunes) n&rsquo;ont mis que cinq minutes \u00e0 r\u00e9pliquer. Lanc\u00e9e par la capitaine Kosovare Asllani, Stina Blackstenius a ajust\u00e9 sa frappe \u00e0 la droite d&rsquo;Ann-Katrin Berger, dans une quasi-r\u00e9plique du but de Brand (1-1, 12e). Les Su\u00e9doises ont aggrav\u00e9 la marque gr\u00e2ce \u00e0 une chevauch\u00e9e sur la droite de la jeune Smilla Holmberg, 18 ans, dont le ballon a \u00e9t\u00e9 involontairement d\u00e9vi\u00e9 dans le but par Sarai Linder (2-1, 25e).<\/p>\n<p class=\"fig-paragraph\">Encourag\u00e9es sur le banc de touche par Giulia Gwinn, leur capitaine bless\u00e9e au genou gauche face \u00e0 la Pologne et forfait pour le reste du tournoi, les joueuses de Christian W\u00fcck ont tent\u00e9 de r\u00e9agir, mais leur gardienne Ann-Katrin Berger les a plusieurs fois mises en danger sur de mauvaises relances.<\/p>\n<p class=\"fig-paragraph\">Et sur une nouvelle perc\u00e9e su\u00e9doise, Carlotta Wamser s&rsquo;est jet\u00e9e pour contrer de la main sur sa ligne: expulsion imm\u00e9diate pour la rempla\u00e7ante de Giulia Gwinn, jusque-l\u00e0 impeccable malgr\u00e9 l&rsquo;inexp\u00e9rience de ses 21 ans, et qui est sortie r\u00e9confort\u00e9e par tout le banc. Calmement, Fridolina Rolf\u00f6 a transform\u00e9 le p\u00e9nalty d&rsquo;une frappe \u00e0 contre-pied, f\u00eatant sa centi\u00e8me s\u00e9lection par un 33e but (3-1, 34e), avant que Lina Hurtig n&rsquo;inscrive le quatri\u00e8me but sans \u00eatre g\u00ean\u00e9e par une charni\u00e8re totalement d\u00e9pass\u00e9e (4-1, 80e).<\/p>\n<p class=\"fig-paragraph\">Dans l&rsquo;autre match du groupe C, disput\u00e9 simultan\u00e9ment \u00e0 Lucerne, la Pologne a domin\u00e9 le Danemark 3-2, avec trois buts de Natalia Padilla (13e), Ewa Pajor (20e) et Martyna Wiankowska (76e), contre deux r\u00e9alisations de Janni Thomsen (59e) et Signe Bruun (83e). Avec deux d\u00e9faites chacune, les deux \u00e9quipes \u00e9taient d\u00e9j\u00e0 \u00e9limin\u00e9es.<\/p>\n","protected":false},"excerpt":{"rendered":"Les Su\u00e9doisent terminent en t\u00eate de la poule C de l\u2019Euro f\u00e9minin, en Suisse, apr\u00e8s leur carton face&hellip;\n","protected":false},"author":2,"featured_media":246071,"comment_status":"","ping_status":"","sticky":false,"template":"","format":"standard","meta":{"footnotes":""},"categories":[1587],"tags":[11,672,1804,1805,1803,1777,674,1801,12,1802],"class_list":{"0":"post-246070","1":"post","2":"type-post","3":"status-publish","4":"format-standard","5":"has-post-thumbnail","7":"category-allemagne","8":"tag-actualites","9":"tag-allemagne","10":"tag-bundesrepublik-deutschland","11":"tag-de","12":"tag-deutschland","13":"tag-eu","14":"tag-europe","15":"tag-germany","16":"tag-news","17":"tag-republique-federale-dallemagne"},"share_on_mastodon":{"url":"https:\/\/pubeurope.com\/@fr\/114843145048267875","error":""},"_links":{"self":[{"href":"https:\/\/www.europesays.com\/fr\/wp-json\/wp\/v2\/posts\/246070","targetHints":{"allow":["GET"]}}],"collection":[{"href":"https:\/\/www.europesays.com\/fr\/wp-json\/wp\/v2\/posts"}],"about":[{"href":"https:\/\/www.europesays.com\/fr\/wp-json\/wp\/v2\/types\/post"}],"author":[{"embeddable":true,"href":"https:\/\/www.europesays.com\/fr\/wp-json\/wp\/v2\/users\/2"}],"replies":[{"embeddable":true,"href":"https:\/\/www.europesays.com\/fr\/wp-json\/wp\/v2\/comments?post=246070"}],"version-history":[{"count":0,"href":"https:\/\/www.europesays.com\/fr\/wp-json\/wp\/v2\/posts\/246070\/revisions"}],"wp:featuredmedia":[{"embeddable":true,"href":"https:\/\/www.europesays.com\/fr\/wp-json\/wp\/v2\/media\/246071"}],"wp:attachment":[{"href":"https:\/\/www.europesays.com\/fr\/wp-json\/wp\/v2\/media?parent=246070"}],"wp:term":[{"taxonomy":"category","embeddable":true,"href":"https:\/\/www.europesays.com\/fr\/wp-json\/wp\/v2\/categories?post=246070"},{"taxonomy":"post_tag","embeddable":true,"href":"https:\/\/www.europesays.com\/fr\/wp-json\/wp\/v2\/tags?post=246070"}],"curies":[{"name":"wp","href":"https:\/\/api.w.org\/{rel}","templated":true}]}}