{"id":246074,"date":"2025-07-13T00:42:20","date_gmt":"2025-07-13T00:42:20","guid":{"rendered":"https:\/\/www.europesays.com\/fr\/246074\/"},"modified":"2025-07-13T00:42:20","modified_gmt":"2025-07-13T00:42:20","slug":"von-der-leyen-macron-sanchez-les-voix-europeennes-selevent-contre-trump","status":"publish","type":"post","link":"https:\/\/www.europesays.com\/fr\/246074\/","title":{"rendered":"Von der Leyen, Macron, S\u00e1nchez\u2026 les voix europ\u00e9ennes s\u2019\u00e9l\u00e8vent contre Trump"},"content":{"rendered":"<p>Le pr\u00e9sident am\u00e9ricain Donald Trump <a href=\"https:\/\/www.latribune.fr\/economie\/international\/taxes-douanieres-trump-frappe-l-europe-de-plein-fouet-avec-30-de-droits-de-douane-1029518.html\" target=\"_blank\" rel=\"noopener\">a annonc\u00e9 le 12 juillet une hausse brutale des droits de douane<\/a>, portant \u00e0 30 % les taxes sur une large gamme de produits import\u00e9s depuis l&rsquo;Union europ\u00e9enne, \u00e0 compter du 1er ao\u00fbt 2025. Cette d\u00e9cision intervient alors que des n\u00e9gociations commerciales \u00e9taient en cours entre Washington et Bruxelles.<\/p>\n<p>Face \u00e0 cette menace, l&rsquo;Union europ\u00e9enne se retrouve confront\u00e9e \u00e0 un dilemme : n\u00e9gocier un compromis rapidement ou riposter par des mesures proportionn\u00e9es. Le risque d&rsquo;une guerre commerciale transatlantique majeure p\u00e8se sur les cha\u00eenes d&rsquo;approvisionnement et l&rsquo;\u00e9conomie des deux continents.<\/p>\n<p>Certains dirigeants europ\u00e9ens se sont montr\u00e9s critiques apr\u00e8s la d\u00e9claration de Donald Trump. Le Premier ministre n\u00e9erlandais Dick Schoof a jug\u00e9 cette d\u00e9cision \u00ab pr\u00e9occupante et non souhaitable \u00bb dans un message publi\u00e9 sur le r\u00e9seau social X (ex Twitter). Son homologue espagnol, Pedro S\u00e1nchez, a \u00e9galement r\u00e9agi sur le r\u00e9seau social, d\u00e9non\u00e7ant des mesures \u00ab injustifi\u00e9es \u00bb. Le Premier ministre su\u00e9dois Ulf Kristersson a soulign\u00e9 que l&rsquo;UE \u00ab est pr\u00eate \u00e0 r\u00e9pliquer par des contre-mesures fermes si n\u00e9cessaire \u00bb, tout en affirmant qu&rsquo;il serait \u00ab pr\u00e9f\u00e9rable d&rsquo;\u00e9viter une telle escalade \u00bb.<\/p>\n<p>De son c\u00f4t\u00e9,<a href=\"https:\/\/www.latribune.fr\/economie\/international\/droits-de-douane-americains-emmanuel-macron-appelle-l-europe-a-riposter-si-aucun-accord-n-est-trouve-1029530.html\" target=\"_blank\" rel=\"noopener\"> Emmanuel Macron a exprim\u00e9 sur X<\/a> sa \u00ab tr\u00e8s vive d\u00e9sapprobation \u00bb face \u00e0 la d\u00e9cision am\u00e9ricaine, appelant l&rsquo;Union europ\u00e9enne \u00e0 \u00ab d\u00e9fendre r\u00e9solument les int\u00e9r\u00eats europ\u00e9ens \u00bb. L&rsquo;Allemagne se montre pour l&rsquo;instant plus prudente, la\u00a0ministre allemande de l&rsquo;\u00c9conomie demandant \u00e0 l&rsquo;UE de n\u00e9gocier de \u00ab mani\u00e8re pragmatique \u00bb.<\/p>\n<p>Que ce soit par communiqu\u00e9 ou sur le r\u00e9seau social X (ex Twitter), de nombreux chefs\u00a0d&rsquo;\u00c9tats ont vigoureusement r\u00e9agi face \u00e0 l&rsquo;annonce choc de Donald Trump. Voici les principales d\u00e9clarations.<\/p>\n<p>Les r\u00e9actions europ\u00e9ennes \u00e0 la menace tarifaire am\u00e9ricaine<\/p>\n<p>La pr\u00e9sidente de la Commission a rappel\u00e9 la priorit\u00e9 donn\u00e9e \u00e0 la n\u00e9gociation, tout en assurant que l&rsquo;UE se tiendra pr\u00eate \u00e0 adopter des contre-mesures proportionn\u00e9es si un accord n&rsquo;est pas trouv\u00e9 d&rsquo;ici le 1er ao\u00fbt.<\/p>\n<p>Le pr\u00e9sident fran\u00e7ais Emmanuel Macron a exprim\u00e9 une \u00ab tr\u00e8s vive d\u00e9sapprobation \u00bb face aux taxes am\u00e9ricaines, soulignant la n\u00e9cessit\u00e9 d&rsquo;une r\u00e9ponse europ\u00e9enne forte. Il a appel\u00e9 \u00e0 l&rsquo;acc\u00e9l\u00e9ration de la pr\u00e9paration de ripostes cr\u00e9dibles, y compris via le m\u00e9canisme anti-coercition.<\/p>\n<p>Le chef du gouvernement espagnol fustige une attaque contre la prosp\u00e9rit\u00e9 \u00e9conomique. \u00ab Les droits de douane injustifi\u00e9s d\u00e9truisent la prosp\u00e9rit\u00e9 \u00bb, \u00e9crit Pedro S\u00e1nchez, qui appelle \u00e0 \u00ab un accord \u00e9quitable \u00bb et salue la fermet\u00e9 de la Commission.<\/p>\n<p>Le Premier ministre n\u00e9erlandais Dick Schoof juge l&rsquo;annonce am\u00e9ricaine \u00ab pr\u00e9occupante et non constructive \u00bb et insiste sur la n\u00e9cessit\u00e9 de rester solidaires : \u00ab L&rsquo;Union europ\u00e9enne doit rester unie et r\u00e9solue. \u00bb<\/p>\n<p>Le chef du gouvernement su\u00e9dois soutient l&rsquo;approche diplomatique mais pr\u00e9vient que l&rsquo;UE est pr\u00eate \u00e0 r\u00e9pondre : \u00ab L&rsquo;escalade serait une perte pour tous. Ce sont les consommateurs am\u00e9ricains qui paieront le prix fort. \u00bb<\/p>\n<p>Rome met en garde contre une polarisation contre-productive. \u00ab Il serait absurde de d\u00e9clencher une guerre commerciale entre deux piliers de l&rsquo;Occident \u00bb, \u00e9crit la pr\u00e9sidence du Conseil, qui mise sur \u00ab la bonne volont\u00e9 de tous \u00bb.<\/p>\n<p>Le Taoiseach Miche\u00e1l Martin rappelle l&rsquo;importance de la relation transatlantique. \u00ab Quand des tensions surgissent, elles doivent \u00eatre r\u00e9solues par un dialogue \u00e9troit et respectueux. \u00bb<\/p>\n<p>Washington n&rsquo;a pas encore donn\u00e9 de d\u00e9tails sur une potentielle relance des n\u00e9gociations avant le premier ao\u00fbt.<\/p>\n","protected":false},"excerpt":{"rendered":"Le pr\u00e9sident am\u00e9ricain Donald Trump a annonc\u00e9 le 12 juillet une hausse brutale des droits de douane, portant&hellip;\n","protected":false},"author":2,"featured_media":246075,"comment_status":"","ping_status":"","sticky":false,"template":"","format":"standard","meta":{"footnotes":""},"categories":[1586],"tags":[17,11,8160,981,2483,33,1777,674,1779,1011,27,8161,11514,12,25,36317,1778,364,8159],"class_list":{"0":"post-246074","1":"post","2":"type-post","3":"status-publish","4":"format-standard","5":"has-post-thumbnail","7":"category-europe","8":"tag-17","9":"tag-actualites","10":"tag-der","11":"tag-douane","12":"tag-droits","13":"tag-economie","14":"tag-eu","15":"tag-europe","16":"tag-european-union","17":"tag-fr","18":"tag-france","19":"tag-leyen","20":"tag-macron","21":"tag-news","22":"tag-republique-francaise","23":"tag-sanchez","24":"tag-ue","25":"tag-union-europeenne","26":"tag-von"},"share_on_mastodon":{"url":"https:\/\/pubeurope.com\/@fr\/114843152966658590","error":""},"_links":{"self":[{"href":"https:\/\/www.europesays.com\/fr\/wp-json\/wp\/v2\/posts\/246074","targetHints":{"allow":["GET"]}}],"collection":[{"href":"https:\/\/www.europesays.com\/fr\/wp-json\/wp\/v2\/posts"}],"about":[{"href":"https:\/\/www.europesays.com\/fr\/wp-json\/wp\/v2\/types\/post"}],"author":[{"embeddable":true,"href":"https:\/\/www.europesays.com\/fr\/wp-json\/wp\/v2\/users\/2"}],"replies":[{"embeddable":true,"href":"https:\/\/www.europesays.com\/fr\/wp-json\/wp\/v2\/comments?post=246074"}],"version-history":[{"count":0,"href":"https:\/\/www.europesays.com\/fr\/wp-json\/wp\/v2\/posts\/246074\/revisions"}],"wp:featuredmedia":[{"embeddable":true,"href":"https:\/\/www.europesays.com\/fr\/wp-json\/wp\/v2\/media\/246075"}],"wp:attachment":[{"href":"https:\/\/www.europesays.com\/fr\/wp-json\/wp\/v2\/media?parent=246074"}],"wp:term":[{"taxonomy":"category","embeddable":true,"href":"https:\/\/www.europesays.com\/fr\/wp-json\/wp\/v2\/categories?post=246074"},{"taxonomy":"post_tag","embeddable":true,"href":"https:\/\/www.europesays.com\/fr\/wp-json\/wp\/v2\/tags?post=246074"}],"curies":[{"name":"wp","href":"https:\/\/api.w.org\/{rel}","templated":true}]}}