{"id":246078,"date":"2025-07-13T00:44:20","date_gmt":"2025-07-13T00:44:20","guid":{"rendered":"https:\/\/www.europesays.com\/fr\/246078\/"},"modified":"2025-07-13T00:44:20","modified_gmt":"2025-07-13T00:44:20","slug":"gusto-soulage-de-voir-lol-rester-en-ligue-1","status":"publish","type":"post","link":"https:\/\/www.europesays.com\/fr\/246078\/","title":{"rendered":"Gusto \u00ab\u00a0soulag\u00e9\u00a0\u00bb de voir l\u2019OL rester en Ligue 1"},"content":{"rendered":"<p>                            <img width=\"770\" height=\"433\" src=\"https:\/\/www.europesays.com\/fr\/wp-content\/uploads\/2025\/07\/000_33Y98QZ-770x433.jpg\" class=\"attachment-article size-article wp-post-image\" alt=\"Steven Bergwijn face \u00e0 Malo Gusto lors de Pays-Bas - France\" decoding=\"async\" fetchpriority=\"high\"  \/><\/p>\n<p>Steven Bergwijn face \u00e0 Malo Gusto lors de Pays-Bas \u2013 France (Photo by KENZO TRIBOUILLARD \/ AFP)<\/p>\n<p>En marge de la finale de la Coupe du monde des clubs contre le PSG, Malo Gusto n\u2019a pas cach\u00e9 son soulagement de voir l\u2019OL rester en Ligue 1. Depuis les \u00c9tats-Unis, le lat\u00e9ral de Chelsea a suivi les p\u00e9rip\u00e9ties de son club formateur.<\/p>\n<p>Il y a un peu plus d\u2019un mois, Amaury\u00a0<strong>Barlet<\/strong>\u00a0ne cachait pas\u00a0<a href=\"https:\/\/www.olympique-et-lyonnais.com\/cherki-kalulu-barcola-gusto-la-fierte-de-lol-academie-en-bleus,364374.html\" rel=\"nofollow noopener\" target=\"_blank\">sa fiert\u00e9<\/a>\u00a0de voir certains de ses anciens joueurs \u00eatre d\u00e9sormais en \u00e9quipe de France. L\u2019ancien formateur de l\u2019OL Acad\u00e9mie faisait notamment r\u00e9f\u00e9rence \u00e0 Rayan\u00a0<strong>Cherki<\/strong>, Pierre\u00a0<strong>Kalulu<\/strong>, Bradley\u00a0<strong>Barcola<\/strong>\u00a0et Malo\u00a0<strong>Gusto<\/strong>, retenus avec les Bleus en juin. Ce dimanche (21h), l\u2019attaquant du\u00a0<strong>PSG<\/strong>\u00a0et le lat\u00e9ral de\u00a0<strong>Chelsea<\/strong>\u00a0se feront face en finale de la Coupe du monde des clubs. L\u2019occasion de devenir champion d\u2019Europe et champion du monde la m\u00eame saison, bien loin des tourments de l\u2019<strong>OL<\/strong>, leur club formateur.<\/p>\n<p>\u00ab\u00a0La situation me rendait triste\u00a0\u00bb<\/p>\n<p>N\u00e9anmoins, m\u00eame de l\u2019autre c\u00f4t\u00e9 de l\u2019Atlantique,\u00a0<strong>Gusto<\/strong>\u00a0n\u2019a pas manqu\u00e9 de suivre l\u2019actualit\u00e9 de son club formateur et de ce maintien en Ligue 1 assur\u00e9 mercredi.\u00a0\u00ab\u00a0Bien s\u00fbr que c&rsquo;est un soulagement. \u00c7a fait toujours bizarre de voir que son club formateur, l&rsquo;OL, un grand club qui a toujours \u00e9t\u00e9 un grand club, en France, se fasse rel\u00e9guer en Ligue 2,\u00a0a-t-il d\u00e9clar\u00e9 aux m\u00e9dias fran\u00e7ais pr\u00e9sents aux \u00c9tats-Unis.\u00a0C&rsquo;\u00e9tait un coup dur. Finalement, rester en Ligue 1 est super. La situation me rendait \u00e9videmment triste.\u00a0\u00bb<\/p>\n<p>Parti de l\u2019OL \u00e0 l\u2019\u00e9t\u00e9 2023, Malo Gusto s\u2019\u00e9tait attir\u00e9 quelques foudres de la part des supporters lyonnais, au m\u00eame titre que Castello\u00a0<strong><a href=\"https:\/\/www.olympique-et-lyonnais.com\/castello-lukeba-ex-ol-pret-a-aider-son-club-formateur,366145.html\" rel=\"nofollow noopener\" target=\"_blank\">Lukeba<\/a><\/strong>\u00a0et Bradley\u00a0<strong>Barcola<\/strong>. Si la situation de d\u00e9part avait \u00e9t\u00e9 diff\u00e9rente pour le natif de Villefontaine, cet exode avait \u00e9t\u00e9 mal per\u00e7u. John\u00a0<strong>Textor<\/strong>\u00a0lui-m\u00eame n\u2019avait pas manqu\u00e9 de critiquer ces jeunes de l\u2019Acad\u00e9mie qui, selon lui,\u00a0\u00ab\u00a0n\u2019ont pas montr\u00e9 d\u2019envie de rester\u00a0\u00bb. Deux ans plus tard, les choix des uns et des autres ont \u00e9t\u00e9 plut\u00f4t concluants.<\/p>\n","protected":false},"excerpt":{"rendered":"Steven Bergwijn face \u00e0 Malo Gusto lors de Pays-Bas \u2013 France (Photo by KENZO TRIBOUILLARD \/ AFP) En&hellip;\n","protected":false},"author":2,"featured_media":246079,"comment_status":"","ping_status":"","sticky":false,"template":"","format":"standard","meta":{"footnotes":""},"categories":[2],"tags":[11,1011,27,66,12,241,978,25],"class_list":{"0":"post-246078","1":"post","2":"type-post","3":"status-publish","4":"format-standard","5":"has-post-thumbnail","7":"category-actualites","8":"tag-actualites","9":"tag-fr","10":"tag-france","11":"tag-ligue-1","12":"tag-news","13":"tag-ol","14":"tag-olympique-lyonnais","15":"tag-republique-francaise"},"share_on_mastodon":{"url":"https:\/\/pubeurope.com\/@fr\/114843160756558718","error":""},"_links":{"self":[{"href":"https:\/\/www.europesays.com\/fr\/wp-json\/wp\/v2\/posts\/246078","targetHints":{"allow":["GET"]}}],"collection":[{"href":"https:\/\/www.europesays.com\/fr\/wp-json\/wp\/v2\/posts"}],"about":[{"href":"https:\/\/www.europesays.com\/fr\/wp-json\/wp\/v2\/types\/post"}],"author":[{"embeddable":true,"href":"https:\/\/www.europesays.com\/fr\/wp-json\/wp\/v2\/users\/2"}],"replies":[{"embeddable":true,"href":"https:\/\/www.europesays.com\/fr\/wp-json\/wp\/v2\/comments?post=246078"}],"version-history":[{"count":0,"href":"https:\/\/www.europesays.com\/fr\/wp-json\/wp\/v2\/posts\/246078\/revisions"}],"wp:featuredmedia":[{"embeddable":true,"href":"https:\/\/www.europesays.com\/fr\/wp-json\/wp\/v2\/media\/246079"}],"wp:attachment":[{"href":"https:\/\/www.europesays.com\/fr\/wp-json\/wp\/v2\/media?parent=246078"}],"wp:term":[{"taxonomy":"category","embeddable":true,"href":"https:\/\/www.europesays.com\/fr\/wp-json\/wp\/v2\/categories?post=246078"},{"taxonomy":"post_tag","embeddable":true,"href":"https:\/\/www.europesays.com\/fr\/wp-json\/wp\/v2\/tags?post=246078"}],"curies":[{"name":"wp","href":"https:\/\/api.w.org\/{rel}","templated":true}]}}