{"id":246082,"date":"2025-07-13T00:46:10","date_gmt":"2025-07-13T00:46:10","guid":{"rendered":"https:\/\/www.europesays.com\/fr\/246082\/"},"modified":"2025-07-13T00:46:10","modified_gmt":"2025-07-13T00:46:10","slug":"la-pga-est-elle-a-la-portee-de-certains-golfeurs-quebecois-dans-les-prochaines-annees","status":"publish","type":"post","link":"https:\/\/www.europesays.com\/fr\/246082\/","title":{"rendered":"La PGA est-elle \u00e0 la port\u00e9e de certains golfeurs Qu\u00e9b\u00e9cois dans les prochaines ann\u00e9es?"},"content":{"rendered":"<p>Ils sont plusieurs \u00e0 rouler leurs bosses dans le golf professionnel au Qu\u00e9bec. \u00c9tienne Papineau \u00e9volue sur le Korn Ferry Tour, alors que Joey Savoie et Raoul M\u00e9nard m\u00e8nent une d\u00e9l\u00e9gation de Qu\u00e9b\u00e9cois sur le PGA Americas. Lentement mais s\u00fbrement, le golf qu\u00e9b\u00e9cois se refait une sant\u00e9 comme l&rsquo;ont t\u00e9moign\u00e9 ces deux derniers repr\u00e9sentants de la Belle Province au micro de RDS lors de l&rsquo;Omnium de Bromont disput\u00e9 cette semaine.<\/p>\n<p>\u00ab Je pense qu&rsquo;on n&rsquo;a jamais \u00e9t\u00e9 aussi fort. On a un niveau de jeu incroyable. Un de mes amis, Raoul M\u00e9nard, a jou\u00e9 59 la semaine pass\u00e9e \u00bb, a soulign\u00e9 Savoie qui a jou\u00e9 71 lors de la 3e ronde.<\/p>\n<p>\u00ab C&rsquo;est tellement comp\u00e9titif. Il y a des joueurs de partout maintenant, a pour sa part convenu M\u00e9nard qui a remis une carte de 66 samedi. On est dans l&rsquo;\u00e8re apr\u00e8s Tiger avec des joueurs de partout. Avec les nouvelles technologies, le coaching et tout \u00e7a. C&rsquo;est s\u00fbr qu&rsquo;on veut continuer de pousser. \u00bb<\/p>\n<p>La question qui br\u00fble les l\u00e8vres est la suivante : quand verra-t-on un Qu\u00e9b\u00e9cois sur le circuit de la PGA? Savoie croit avoir sa petite id\u00e9e sur la question.\u00a0<\/p>\n<p>\u00ab Je pense que le support c&rsquo;est la premi\u00e8re chose. On doit s&rsquo;exposer aux meilleurs au monde. C&rsquo;est la meilleure fa\u00e7on : t&rsquo;exposer, avoir du support et de l&rsquo;encadrement. En termes de coaching, \u00e7a prend un entra\u00eeneur int\u00e9ressant qui est pr\u00eat \u00e0 venir sur la route avec toi. Des tournois de ce niveau-l\u00e0, personnellement, j&rsquo;en prendrai trois au Qu\u00e9bec. Ce n&rsquo;est pas facile, mais \u00e7a en prendrait \u00bb, a-t-il expos\u00e9.<\/p>\n<p>Et pour faire briller le Qu\u00e9bec, il faudra aussi des joueurs confiants et ambitieux. Laurent Desmarchais a le bon \u00e9tat d&rsquo;esprit et il faut maintenant que tout tombe en place pour qu&rsquo;il atteigne ses objectifs.<\/p>\n<p>\u00ab J&rsquo;esp\u00e8re vraiment pouvoir me rendre au PGA Tour. De l\u00e0, on va voir. Je veux \u00eatre le meilleur au monde. Je pense que je travaille tr\u00e8s fort pour y arriver \u00bb, a mentionn\u00e9 celui qui pr\u00e9sente un cumulatif de moins-5 au tournoi de Bromont.\u00a0<\/p>\n<p>Parmi les sept Qu\u00e9b\u00e9cois pr\u00e9sents \u00e0 Bromont, quatre \u00e9taient \u00e2g\u00e9s de moins de 30 ans. Avec un peu de patience, les Qu\u00e9b\u00e9cois peuvent continuer de croire \u00e0 la pr\u00e9sence d&rsquo;un joueur local dans la cour des grands, dans les prochaines ann\u00e9es.\u00a0<\/p>\n","protected":false},"excerpt":{"rendered":"Ils sont plusieurs \u00e0 rouler leurs bosses dans le golf professionnel au Qu\u00e9bec. \u00c9tienne Papineau \u00e9volue sur le&hellip;\n","protected":false},"author":2,"featured_media":246083,"comment_status":"","ping_status":"","sticky":false,"template":"","format":"standard","meta":{"footnotes":""},"categories":[1418],"tags":[1011,27,1472,60],"class_list":{"0":"post-246082","1":"post","2":"type-post","3":"status-publish","4":"format-standard","5":"has-post-thumbnail","7":"category-golf","8":"tag-fr","9":"tag-france","10":"tag-golf","11":"tag-sports"},"share_on_mastodon":{"url":"https:\/\/pubeurope.com\/@fr\/114843168405958696","error":""},"_links":{"self":[{"href":"https:\/\/www.europesays.com\/fr\/wp-json\/wp\/v2\/posts\/246082","targetHints":{"allow":["GET"]}}],"collection":[{"href":"https:\/\/www.europesays.com\/fr\/wp-json\/wp\/v2\/posts"}],"about":[{"href":"https:\/\/www.europesays.com\/fr\/wp-json\/wp\/v2\/types\/post"}],"author":[{"embeddable":true,"href":"https:\/\/www.europesays.com\/fr\/wp-json\/wp\/v2\/users\/2"}],"replies":[{"embeddable":true,"href":"https:\/\/www.europesays.com\/fr\/wp-json\/wp\/v2\/comments?post=246082"}],"version-history":[{"count":0,"href":"https:\/\/www.europesays.com\/fr\/wp-json\/wp\/v2\/posts\/246082\/revisions"}],"wp:featuredmedia":[{"embeddable":true,"href":"https:\/\/www.europesays.com\/fr\/wp-json\/wp\/v2\/media\/246083"}],"wp:attachment":[{"href":"https:\/\/www.europesays.com\/fr\/wp-json\/wp\/v2\/media?parent=246082"}],"wp:term":[{"taxonomy":"category","embeddable":true,"href":"https:\/\/www.europesays.com\/fr\/wp-json\/wp\/v2\/categories?post=246082"},{"taxonomy":"post_tag","embeddable":true,"href":"https:\/\/www.europesays.com\/fr\/wp-json\/wp\/v2\/tags?post=246082"}],"curies":[{"name":"wp","href":"https:\/\/api.w.org\/{rel}","templated":true}]}}