{"id":246084,"date":"2025-07-13T00:48:12","date_gmt":"2025-07-13T00:48:12","guid":{"rendered":"https:\/\/www.europesays.com\/fr\/246084\/"},"modified":"2025-07-13T00:48:12","modified_gmt":"2025-07-13T00:48:12","slug":"lessai-des-all-blacks-face-a-la-france-etait-il-valable","status":"publish","type":"post","link":"https:\/\/www.europesays.com\/fr\/246084\/","title":{"rendered":"l&rsquo;essai des All Blacks face \u00e0 la France \u00e9tait-il valable\u00a0?"},"content":{"rendered":"<p>            Par<br \/>\n        <strong><br \/>\n            <a href=\"https:\/\/actu.fr\/auteur\/clement-mazella\" title=\"Consulter tous les articles de Cl\u00e9ment Mazella\" rel=\"nofollow noopener\" target=\"_blank\">Cl\u00e9ment Mazella<\/a><br \/>\n        <\/strong><\/p>\n<p>        Publi\u00e9 le<\/p>\n<p>            12 juil. 2025 \u00e0 18h34        <\/p>\n<p>Samedi 12 juillet, sur la pelouse de Wellington, <a href=\"https:\/\/actu.fr\/tag\/all-blacks\" rel=\"nofollow noopener\" target=\"_blank\">les All Blacks<\/a> ont inscrit <a href=\"https:\/\/actu.fr\/sports\/rugby\/xv-de-france\/video-la-france-n-y-a-vu-que-du-feu-la-combinaison-magique-des-all-blacks-pour-l-essai_62905464.html\" rel=\"nofollow noopener\" target=\"_blank\">le premier essai du match<\/a> face au <a href=\"https:\/\/actu.fr\/rugby\/xv-de-france\" rel=\"nofollow noopener\" target=\"_blank\">XV de France<\/a> via une combinaison o\u00f9 les Tricolores n\u2019y ont vu que du feu. B\u00e9n\u00e9ficiant d\u2019une feinte, et d\u2019une d\u00e9fense fran\u00e7aise qui s\u2019est resserr\u00e9e pour jouer un maul, Cam Roigard a pris l\u2019espace libre c\u00f4t\u00e9 ferm\u00e9 pour aller \u00e0 dame. Mais apr\u00e8s le temps de l\u2019admiration, le temps des questions est venu. La feinte du n\u00b08 n\u00e9o-z\u00e9landais est-elle autoris\u00e9e ? Une autre faute a-t-elle \u00e9galement eu lieu ? L\u2019arbitre Christophe Ridley pouvait-il annuler l\u2019essai. <a href=\"https:\/\/actu.fr\/rugby\/\" rel=\"nofollow noopener\" target=\"_blank\">Actu Rugby<\/a> d\u00e9cortique toutes ces interrogations avec un arbitre fran\u00e7ais.\u00a0<\/p>\n<p>La feinte est-elle sanctionnable ?<\/p>\n<p class=\" wall-content\">Le n\u00b08 des All Blacks, Christian Lio-Willie, est l\u2019auteur de la feinte qui a tromp\u00e9 plusieurs Tricolores, alors que l\u2019action partait finalement dans le ferm\u00e9. Que dit le r\u00e8glement ? Il faut se reporter \u00e0 la loi 16.11, qui dit : \u00ab\u00a0Pendant un maul, les joueurs ne doivent pas agir de mani\u00e8re \u00e0 faire croire \u00e0 leurs adversaires que le maul est termin\u00e9 alors que ce n\u2019est pas le cas\u00a0\u00bb.\u00a0<\/p>\n<p class=\" wall-content\">\n<p class=\" wall-content\">Sur l\u2019essai des All Blacks, est-ce le cas ? \u00ab\u00a0La feinte, elle arrive au m\u00eame moment o\u00f9 les All Blacks mettent fin au maul en sortant le ballon dans le ferm\u00e9 avec Savea et Roigard. C\u2019est un peu bordeline, mais en termes de timing, c\u2019est bien jou\u00e9 on va dire\u00a0\u00bb, explique l\u2019arbitre fran\u00e7ais sollicit\u00e9 par Actu Rugby.<\/p>\n<p class=\" wall-content\">\u00ab\u00a0Sur la feinte, j\u2019ai envie de dire bravo. C\u2019est dans le timing, il est bon. C\u2019est bien jou\u00e9 de leur part\u00a0\u00bb, rajoute l\u2019officiel de match.\u00a0<\/p>\n<p>    <img   decoding=\"async\" loading=\"lazy\" src=\"https:\/\/www.europesays.com\/fr\/wp-content\/uploads\/2025\/07\/essai-nz-960x640.jpg\" alt=\"Lorsque le n\u00b08 des All Blacks fait sa feinte, le ballon semble bien \u00eatre sorti du maul via le n\u00b07 dans le ferm\u00e9. Niveau timing, \u00e7a semble bon.\" width=\"960\" height=\"640\"\/><br \/>\n    Lorsque le n\u00b08 des All Blacks fait sa feinte, le ballon semble bien \u00eatre sorti du maul via le n\u00b07 dans le ferm\u00e9. Niveau timing, \u00e7a semble bon. (\u00a9Canal +)Une faute sur la touche ?<\/p>\n<p class=\" wall-content\">Mais ce dernier tient \u00e0 nous sensibiliser sur un autre point : \u00ab\u00a0Le plus questionnable au regard de la r\u00e8gle, c\u2019est qu\u2019il y a des joueurs n\u00e9o-z\u00e9landais (le 8, le 5 et le 9) qui quittent l\u2019alignement avant la fin de la touche, passent par une position statique avant d\u2019engager un d\u00e9but de maul. Si on demande qui est relayeur, les All Blacks en ont 3 en fait. Alors que tu ne dois en avoir qu\u2019un\u00a0\u00bb.\u00a0<\/p>\n<p class=\" wall-content\">L\u2019arbitre fran\u00e7ais poursuit son raisonnement : \u00ab\u00a0Les All Blacks ne peuvent faire cela que s\u2019ils restent dynamiques, alors qu\u2019ils passent tous par une position statique. Le 9, il sort de l\u2019alignement, et on vient lui jouer dessus en plus\u00a0\u00bb. Une situation de vouloir faire croire \u00e0 un ballon port\u00e9 qui a pi\u00e9g\u00e9 George-Henri Colombe, celui-ci se resserrant pour contenir l\u2019\u00e9ventuel maul adversaire, laissant ainsi le seul Nolann Le Garrec d\u00e9fendre dans le ferm\u00e9.\u00a0<\/p>\n<blockquote class=\"ac-article-quote wall-content\">\n<p>\u00ab\u00a0Ce qu&rsquo;ont fait les All Blacks sur ce coup-l\u00e0, cela leur donne beaucoup de solutions, et ils n&rsquo;ont pas le droit. Cela, c&rsquo;est techniquement questionnable\u00a0\u00bb.<\/p>\n<p>    <strong>Un arbitre fran\u00e7ais<\/strong>\n            <\/p><\/blockquote>\n<p>    <img   decoding=\"async\" loading=\"lazy\" src=\"https:\/\/www.europesays.com\/fr\/wp-content\/uploads\/2025\/07\/touche-nz-960x640.jpg\" alt=\"Si le n\u00b07 All Blacks est bien le relayer, l'attitude des n\u00b05, 8 et 9, qui quittent la touche, est questionnable.\" width=\"960\" height=\"640\"\/><br \/>\n    Si le n\u00b07 All Blacks est bien le relayeur, l\u2019attitude des n\u00b05, 8 et 9, qui quittent la touche, est questionnable. (\u00a9Canal +)L\u2019arbitre pouvait-il refuser l\u2019essai ?<\/p>\n<p class=\" wall-content\">Question : l\u2019essai est-il valable ? Et surtout, l\u2019arbitre Christophe Ridley pouvait-il le refuser ? \u00ab\u00a0Ces deux situations dont on vient de parler ne peuvent \u00eatre uniquement arbitr\u00e9es par le trio pr\u00e9sent sur le terrain. Cela ne peut pas \u00eatre arbitr\u00e9 dans le cas d\u2019un appel vid\u00e9o. C\u2019est tr\u00e8s technique, ces deux questions ne peuvent pas \u00eatre pos\u00e9es\u00a0\u00bb, pr\u00e9cise l\u2019arbitre fran\u00e7ais sollicit\u00e9 par Actu Rugby.<\/p>\n<p class=\" wall-content\">Ridley et ses deux assistants ne pouvaient donc r\u00e9agir qu\u2019au moment des faits, et pas apr\u00e8s que Cam Roigard a aplati. Et le seul fait pour lequel ils auraient pu annuler \u00e9ventuellement l\u2019essai, c\u2019est au sujet de l\u2019attitudes des n\u00b05, 8 et 9 n\u00e9o-z\u00e9landais. Pas au sujet de la feinte, qui est effectu\u00e9e dans un timing parfait. Et comme on dit : pas vu, pas pris.<\/p>\n<p class=\" wall-content\">Suivez toute l\u2019actualit\u00e9 de vos villes et m\u00e9dias favoris en vous inscrivant \u00e0 <a href=\"https:\/\/moncompte.actu.fr\" title=\"D\u00e9couvez Mon Actu\" rel=\"nofollow noopener\" data-trk=\"{&quot;cta&quot;:{&quot;action&quot;:&quot;https:\\\/\\\/moncompte.actu.fr&quot;,&quot;category&quot;:&quot;mon compte&quot;,&quot;from&quot;:&quot;article footer&quot;,&quot;name&quot;:&quot;Mon actu&quot;,&quot;type&quot;:&quot;cta&quot;}}\" target=\"_blank\">Mon Actu<\/a>.<\/p>\n","protected":false},"excerpt":{"rendered":"Par Cl\u00e9ment Mazella Publi\u00e9 le 12 juil. 2025 \u00e0 18h34 Samedi 12 juillet, sur la pelouse de Wellington,&hellip;\n","protected":false},"author":2,"featured_media":246085,"comment_status":"","ping_status":"","sticky":false,"template":"","format":"standard","meta":{"footnotes":""},"categories":[1416],"tags":[2305,1011,27,479,1468,60,513],"class_list":{"0":"post-246084","1":"post","2":"type-post","3":"status-publish","4":"format-standard","5":"has-post-thumbnail","7":"category-rugby","8":"tag-all-blacks","9":"tag-fr","10":"tag-france","11":"tag-rugby","12":"tag-rugby-football","13":"tag-sports","14":"tag-xv-de-france"},"share_on_mastodon":{"url":"https:\/\/pubeurope.com\/@fr\/114843176508158751","error":""},"_links":{"self":[{"href":"https:\/\/www.europesays.com\/fr\/wp-json\/wp\/v2\/posts\/246084","targetHints":{"allow":["GET"]}}],"collection":[{"href":"https:\/\/www.europesays.com\/fr\/wp-json\/wp\/v2\/posts"}],"about":[{"href":"https:\/\/www.europesays.com\/fr\/wp-json\/wp\/v2\/types\/post"}],"author":[{"embeddable":true,"href":"https:\/\/www.europesays.com\/fr\/wp-json\/wp\/v2\/users\/2"}],"replies":[{"embeddable":true,"href":"https:\/\/www.europesays.com\/fr\/wp-json\/wp\/v2\/comments?post=246084"}],"version-history":[{"count":0,"href":"https:\/\/www.europesays.com\/fr\/wp-json\/wp\/v2\/posts\/246084\/revisions"}],"wp:featuredmedia":[{"embeddable":true,"href":"https:\/\/www.europesays.com\/fr\/wp-json\/wp\/v2\/media\/246085"}],"wp:attachment":[{"href":"https:\/\/www.europesays.com\/fr\/wp-json\/wp\/v2\/media?parent=246084"}],"wp:term":[{"taxonomy":"category","embeddable":true,"href":"https:\/\/www.europesays.com\/fr\/wp-json\/wp\/v2\/categories?post=246084"},{"taxonomy":"post_tag","embeddable":true,"href":"https:\/\/www.europesays.com\/fr\/wp-json\/wp\/v2\/tags?post=246084"}],"curies":[{"name":"wp","href":"https:\/\/api.w.org\/{rel}","templated":true}]}}