{"id":246092,"date":"2025-07-13T00:53:10","date_gmt":"2025-07-13T00:53:10","guid":{"rendered":"https:\/\/www.europesays.com\/fr\/246092\/"},"modified":"2025-07-13T00:53:10","modified_gmt":"2025-07-13T00:53:10","slug":"tdf-tour-de-france-mathieu-burgaudeau-etre-devant-avec-un-pote-ca-fait-du-bien","status":"publish","type":"post","link":"https:\/\/www.europesays.com\/fr\/246092\/","title":{"rendered":"TDF. Tour de France &#8211; Mathieu Burgaudeau : \u00ab\u00catre devant avec un pote, \u00e7a fait du bien\u00bb"},"content":{"rendered":"<p>113 \u00e9tapes se sont disput\u00e9es depuis la victoire de <strong>Vincenzo Nibali <\/strong>\u00e0 Val Thorens en 2019. Six ans plus tard, cette disette a pris fin ce samedi 12 juillet avec la victoire au sprint de <strong><a href=\"https:\/\/www.cyclismactu.net\/..\/news-tdf-route-tour-de-france-jonathan-milan-ca-veut-dire-beaucoup-pour-italie-88902.html\" target=\"_blank\" rel=\"nofollow noopener\">Jonathan Milan<\/a><\/strong> (Lidl-Trek), qui a devanc\u00e9 <strong><a href=\"https:\/\/www.cyclismactu.net\/..\/news-tdf-route-tour-de-france-wout-van-aert-jonathan-milan-etait-plus-rapide-mais-88904.html\" target=\"_blank\" rel=\"nofollow noopener\">Wout Van Aert<\/a><\/strong> (Team Visma | Lease a Bike) et l\u2019Australien de la formation <strong>Alpecin-Deceuninck<\/strong>, <strong>Kaden Groves<\/strong>. Dynamitant le peloton, <strong>Matt\u00e9o Vercher<\/strong> (Team TotalEnergies) et <strong>Mathieu Burgaudeau<\/strong> (Team TotalEnergies) ont \u00e9t\u00e9 r\u00e9compens\u00e9s du prix de la combativit\u00e9 sur cette 8e \u00e9tape. Apr\u00e8s l\u2019arriv\u00e9e, <strong>Mathieu Burgaudeau<\/strong> s\u2019est exprim\u00e9 \u00e0 notre micro de <strong>Cyclism&rsquo;Actu <\/strong>sur ses sensations en ce d\u00e9but de <strong>Tour de France<\/strong> et sur cette journ\u00e9e m\u00e9morable qu\u2019il a pass\u00e9e en \u00e9chapp\u00e9e avec son ami <strong>Matt\u00e9o Vercher<\/strong>.<\/p>\n<p>Vid\u00e9o &#8211; Mathieu Burgaudeau au micro de Cyclism&rsquo;Actu Lire la suite de l&rsquo;article&#13;<\/p>\n<p>\u00a0<\/p>\n<p>&#13;<br \/>\n<strong>\u00ab\u00a0S\u2019\u00e9chapper avec un pote sur cette course-l\u00e0&#8230;\u00a0\u00bb<\/strong>&#13;<\/p>\n<p>\u00ab\u00a0\u00c7a fait plaisir\u00a0\u00bb, d\u00e9bute le coureur de la formation <strong>TotalEnergies<\/strong>. \u00ab\u00a0Apr\u00e8s le sprint interm\u00e9diaire, l\u2019\u00e9quipe voulait que je relance, et moi aussi. Donc j\u2019y suis all\u00e9 une premi\u00e8re fois, mais le peloton ne m\u2019a pas laiss\u00e9 sortir. Puis Matt\u00e9o [Vercher], c\u2019\u00e9tait plus fort que lui. Il me dit : &lsquo;Ah non, on y va \u00e0 deux.&rsquo; Et on a gicl\u00e9 tous les deux. Ensuite, on a bien appuy\u00e9 pour faire l\u2019\u00e9cart, hein. Le peloton ne voulait pas trop laisser sortir. Et puis, une fois lanc\u00e9s dans le boulot, on s\u2019est donn\u00e9 \u00e0 fond. Voil\u00e0, c\u2019\u00e9tait un peu une voie \u00e0 l\u2019\u00e9chec, mais on a pris beaucoup de plaisir, en tout cas, \u00e0 faire une \u00e9chapp\u00e9e tous les deux. C\u2019\u00e9tait cool. C\u2019est quand m\u00eame beaucoup de souffrance, hein. Donc voil\u00e0, on \u00e9tait concentr\u00e9s dans l\u2019effort. Et puis, j\u2019ai essay\u00e9 de lui rappeler qu\u2019il fallait qu\u2019on prenne du plaisir, malgr\u00e9 que ce soit dur, parce que c\u2019est la plus grande course au monde. Et s\u2019\u00e9chapper avec un pote sur cette course-l\u00e0, c\u2019est quand m\u00eame tr\u00e8s rare. Donc voil\u00e0, on a essay\u00e9 de prendre le maximum de plaisir.\u00a0\u00bb<\/p>\n<p>&#13;<\/p>\n<p>\u00ab\u00a0Je pense que mon niveau physique, je l\u2019ai toujours eu. Apr\u00e8s, il y a des hauts et des bas dans une carri\u00e8re, et voil\u00e0. Il faut, je pense, le d\u00e9clic pour que \u00e7a revienne. Mais oui, je suis \u00e0 un bon niveau. Pour l\u2019instant, on peut pas trop dire non plus si \u00e7a va ou pas, mais j\u2019esp\u00e8re faire de bonnes performances sur ce Tour. C\u2019est clair que mettre le nez \u00e0 l\u2019avant, \u00e7a fait toujours du bien. Surtout avec le public qu\u2019il y avait sur les routes : on \u00e9tait tr\u00e8s encourag\u00e9s, et \u00e7a, \u00e7a fait du bien aussi. \u00c7a donne des ailes. Frustr\u00e9, c\u2019est pas forc\u00e9ment le bon mot. Mais c\u2019est vrai qu\u2019une \u00e9chapp\u00e9e comme celle-ci, avec deux coureurs de plus, le pourcentage de r\u00e9ussite aurait \u00e9t\u00e9 bien plus \u00e9lev\u00e9, \u00e7a c\u2019est certain. Et je pense qu\u2019on n\u2019aurait pas \u00e9t\u00e9 loin d\u2019aller au bout. Mais apr\u00e8s, voil\u00e0, chacun a sa strat\u00e9gie. Nous, on a la n\u00f4tre, on fait notre Tour, et c\u2019est comme \u00e7a. Le Tour n\u2019est pas ferm\u00e9. On est en premi\u00e8re semaine, tout le monde est frais, chacun a ses objectifs : grimpeur, sprinteur&#8230; Mais avec la fatigue, \u00e7a devrait se d\u00e9canter. Je sais que quand le peloton est fatigu\u00e9, oui, il y a des occasions, et il faudra les saisir\u00a0\u00bb, conclut <strong>Mathieu Burgaudeau<\/strong> \u00e0 notre micro de <strong>Cyclism&rsquo;Actu<\/strong>.<\/p>\n<p>Tour de France &#8211; Classement de la 8\u00e8 \u00e9tape Tour de France &#8211; Classement g\u00e9n\u00e9ral provisoire apr\u00e8s la 8\u00e8 \u00e9tape<\/p>\n","protected":false},"excerpt":{"rendered":"113 \u00e9tapes se sont disput\u00e9es depuis la victoire de Vincenzo Nibali \u00e0 Val Thorens en 2019. Six ans&hellip;\n","protected":false},"author":2,"featured_media":246093,"comment_status":"","ping_status":"","sticky":false,"template":"","format":"standard","meta":{"footnotes":""},"categories":[1411],"tags":[1154,207,211,1011,27,209,60,210,212,208,213],"class_list":{"0":"post-246092","1":"post","2":"type-post","3":"status-publish","4":"format-standard","5":"has-post-thumbnail","7":"category-cyclisme","8":"tag-cycling","9":"tag-cyclisme","10":"tag-ffc","11":"tag-fr","12":"tag-france","13":"tag-route","14":"tag-sports","15":"tag-tour-de-france","16":"tag-uci","17":"tag-velo","18":"tag-world-tour"},"share_on_mastodon":{"url":"https:\/\/pubeurope.com\/@fr\/114843196259752214","error":""},"_links":{"self":[{"href":"https:\/\/www.europesays.com\/fr\/wp-json\/wp\/v2\/posts\/246092","targetHints":{"allow":["GET"]}}],"collection":[{"href":"https:\/\/www.europesays.com\/fr\/wp-json\/wp\/v2\/posts"}],"about":[{"href":"https:\/\/www.europesays.com\/fr\/wp-json\/wp\/v2\/types\/post"}],"author":[{"embeddable":true,"href":"https:\/\/www.europesays.com\/fr\/wp-json\/wp\/v2\/users\/2"}],"replies":[{"embeddable":true,"href":"https:\/\/www.europesays.com\/fr\/wp-json\/wp\/v2\/comments?post=246092"}],"version-history":[{"count":0,"href":"https:\/\/www.europesays.com\/fr\/wp-json\/wp\/v2\/posts\/246092\/revisions"}],"wp:featuredmedia":[{"embeddable":true,"href":"https:\/\/www.europesays.com\/fr\/wp-json\/wp\/v2\/media\/246093"}],"wp:attachment":[{"href":"https:\/\/www.europesays.com\/fr\/wp-json\/wp\/v2\/media?parent=246092"}],"wp:term":[{"taxonomy":"category","embeddable":true,"href":"https:\/\/www.europesays.com\/fr\/wp-json\/wp\/v2\/categories?post=246092"},{"taxonomy":"post_tag","embeddable":true,"href":"https:\/\/www.europesays.com\/fr\/wp-json\/wp\/v2\/tags?post=246092"}],"curies":[{"name":"wp","href":"https:\/\/api.w.org\/{rel}","templated":true}]}}