{"id":246096,"date":"2025-07-13T00:55:12","date_gmt":"2025-07-13T00:55:12","guid":{"rendered":"https:\/\/www.europesays.com\/fr\/246096\/"},"modified":"2025-07-13T00:55:12","modified_gmt":"2025-07-13T00:55:12","slug":"la-sortie-par-amour-pour-paola-malgre-son-operation-le-roi-albert-ii-a-tenu-a-etre-present-pour-son-epouse","status":"publish","type":"post","link":"https:\/\/www.europesays.com\/fr\/246096\/","title":{"rendered":"La sortie par amour pour Paola : malgr\u00e9 son op\u00e9ration, le roi Albert II a tenu \u00e0 \u00eatre pr\u00e9sent pour son \u00e9pouse"},"content":{"rendered":"<p class=\"ap-StoryElement ap-StoryElement--mb js-paywall-target ap-StoryText\">Mais l&rsquo;\u00e9v\u00e9nement, ce fut la pr\u00e9sence de la reine Paola, accompagn\u00e9e par le roi Albert II. \u00c2g\u00e9s respectivement de 87 et 91 ans, les ex-souverains se montrent de plus en plus rarement en public. Albert, dont la sant\u00e9 est fragile et qui a de la peine \u00e0 marcher, et Paola, qui souffre d&rsquo;ost\u00e9oporose, \u00e9vitent d\u00e9sormais les grands d\u00e9placements. Cette ann\u00e9e, on les a seulement vus le 18 f\u00e9vrier, lors de la c\u00e9r\u00e9monie annuelle en m\u00e9moire des membres d\u00e9c\u00e9d\u00e9s de la famille royale \u00e0 Notre-Dame de Laeken. Quand ils ne sont pas dans leur r\u00e9sidence secondaire de Ch\u00e2teauneuf-Grasse, dans le sud de la France, ils vivent tranquillement dans un ancien presbyt\u00e8re de Villers-sur-Lesse, un village d&rsquo;\u00e0 peine 500 habitants situ\u00e9 pr\u00e8s de Ciergnon, n&rsquo;assistant qu&rsquo;exceptionnellement \u00e0 des rendez-vous officiels. La Reine, tr\u00e8s attach\u00e9e \u00e0 sa fondation, a m\u00eame d\u00e9sign\u00e9 la princesse Claire pour la repr\u00e9senter.<\/p>\n<p><img loading=\"lazy\" decoding=\"async\" class=\"w-full lazyload lazyload--opacity object-contain\" style=\"aspect-ratio:150 \/ 100;opacity:1\" alt=\"La reine Paola et le roi Albert II\" width=\"768\" height=\"511\" fetchpriority=\"auto\" src=\"https:\/\/www.europesays.com\/fr\/wp-content\/uploads\/2025\/04\/1743933249_335_S5VKD3X55FFF3BW6V4SEHXNP7I.png\"  data- data-optimumx=\"1\"\/>La reine Paola et le roi Albert II \u00a9PARIS MATCH<\/p>\n<p class=\"ap-StoryElement ap-StoryElement--mb ap-StoryText\">C&rsquo;est dire si leur pr\u00e9sence \u00e0 l&rsquo;ambassade d&rsquo;Italie fut un moment important pour la communaut\u00e9 italienne et sa porte-parole. Paola n&rsquo;a jamais oubli\u00e9 ses racines. Il y a quelques ann\u00e9es, elle avait apport\u00e9 son soutien \u00e0 la grande op\u00e9ration \u00ab\u00a0Italia likes Belgium\u00a0\u00bb organis\u00e9e par Paris Match, sous l&rsquo;\u00e9gide de l&rsquo;ambassadrice d&rsquo;Italie Elena Basile, afin de mettre en valeur l&rsquo;amiti\u00e9 italo-belge et tout ce que ces deux pays se sont apport\u00e9 mutuellement. \u00c0 la remise des De Sanctis Europa Awards, Paola fut r\u00e9compens\u00e9e \u00ab\u00a0pour son r\u00f4le de pont entre l&rsquo;Italie et la Belgique et pour avoir incarn\u00e9 un id\u00e9al europ\u00e9en fait de discr\u00e9tion, de service et de coh\u00e9sion entre les peuples\u00a0\u00bb. Stefano Pace, le directeur g\u00e9n\u00e9ral et artistique de l&rsquo;Op\u00e9ra royal de Wallonie-Li\u00e8ge, membre du jury des De Sanctis Europa Awards, eut l&rsquo;honneur de prononcer le discours pour la remise de ce prix \u00e0 l&rsquo;ex-souveraine. \u00ab\u00a0La participation de M. Pace \u00e0 cette \u00e9dition repr\u00e9sente un signe fort de reconnaissance pour l&rsquo;action culturelle de l&rsquo;Op\u00e9ra royal de Wallonie-Li\u00e8ge au sein de l&rsquo;espace europ\u00e9en\u00a0\u00bb, pr\u00e9cise le site de l&rsquo;institution. \u00ab\u00a0Ce moment solennel a \u00e9t\u00e9 d&rsquo;autant plus \u00e9mouvant que Sa Majest\u00e9 la reine Paola entretient un lien ancien et profond avec notre maison, qu&rsquo;elle honore r\u00e9guli\u00e8rement de sa pr\u00e9sence. Ce geste, \u00e0 la crois\u00e9e de la culture et de l&rsquo;histoire, t\u00e9moigne aussi du r\u00f4le que peut jouer une institution lyrique telle que la n\u00f4tre dans la diplomatie culturelle contemporaine.\u00a0\u00bb<\/p>\n<p><a href=\"https:\/\/www.parismatch.be\/actualites\/people\/2025\/07\/04\/inquietude-autour-du-roi-albert-ii-il-a-encore-subi-une-operation-pour-un-cancer-de-la-peau-CVT7LZ45BNDBNL5VK5N45BSMXU\/\" target=\"_blank\" rel=\"noopener noreferrer nofollow\" class=\"ap-StoryInterstitialLink ap-StoryElement ap-StoryElement--mb\">Inqui\u00e9tude autour du roi Albert II : il a encore subi une op\u00e9ration pour un cancer de la peau<\/a><\/p>\n<p class=\"ap-StoryElement ap-StoryElement--mb ap-StoryText\">Albert II est rest\u00e9 assis pour \u00e9couter les diff\u00e9rents discours. Mais par amour, il \u00e9tait pr\u00e9sent. Quelques jours plus t\u00f4t, il avait subi une nouvelle op\u00e9ration dans le traitement de son cancer de la peau. Celle-ci, la sixi\u00e8me depuis 2011, a \u00e9t\u00e9 effectu\u00e9e par pr\u00e9vention; plusieurs points de suture, entre la l\u00e8vre sup\u00e9rieure et le nez, \u00e9taient visibles sur son visage. \u00c0 l&rsquo;\u00e9poque, au c\u0153ur des n\u00e9gociations autour de la formation du gouvernement f\u00e9d\u00e9ral, le p\u00e8re du roi Philippe avait connu une premi\u00e8re intervention chirurgicale au nez pour la m\u00eame affection. Retour \u00e0 l&rsquo;h\u00f4pital trois ans plus tard pour une ex\u00e9r\u00e8se, l&rsquo;ablation d&rsquo;un \u00e9pith\u00e9lioma basocellulaire au cuir chevelu. \u00ab\u00a0L&rsquo;\u00e9pith\u00e9lioma basocellulaire (ou carcinome basocellulaire) est une des formes les plus courantes et les moins invasives du cancer de la peau\u00a0\u00bb, explique une sp\u00e9cialiste. \u00ab\u00a0Il exige un traitement local ou, le plus souvent, un acte de chirurgie, et n&rsquo;entra\u00eene pas de m\u00e9tastases. La gu\u00e9rison est compl\u00e8te dans l&rsquo;extr\u00eame majorit\u00e9 des cas, pour autant que l&rsquo;affection soit trait\u00e9e \u00e0 temps. L&rsquo;\u00e9pith\u00e9lioma basocellulaire s&rsquo;\u00e9tend tr\u00e8s lentement. Sauf cas r\u00e9ellement exceptionnel, il ne peut mener \u00e0 un cancer plus g\u00e9n\u00e9ralis\u00e9.\u00a0\u00bb Mais, comme le pr\u00e9cise le m\u00e9decin : \u00ab\u00a0Une fois qu&rsquo;on a d\u00e9velopp\u00e9 un \u00e9pith\u00e9lioma, le risque d&rsquo;en avoir un nouveau est augment\u00e9 de 30 %.\u00a0\u00bb Ce type de cancer appara\u00eet en g\u00e9n\u00e9ral au niveau des zones expos\u00e9es au soleil. Il est plus fr\u00e9quent apr\u00e8s 50 ans et les hommes seraient l\u00e9g\u00e8rement plus enclins \u00e0 le d\u00e9velopper que les femmes. Cela dit, le Palais a confirm\u00e9 que le roi \u00e9tait en bonne sant\u00e9 pour une personne de son \u00e2ge. \u00c0 l&rsquo;ambassade d&rsquo;Italie \u00e0 Bruxelles, apr\u00e8s la remise des prix, il a d&rsquo;ailleurs bavard\u00e9 \u00e0 plusieurs reprises avec les laur\u00e9ats. Et \u00ab\u00a0Tino\u00a0\u00bb, comme elle l&rsquo;appelle, n&rsquo;a pas quitt\u00e9 la reine des yeux. Sa reine.<\/p>\n","protected":false},"excerpt":{"rendered":"Mais l&rsquo;\u00e9v\u00e9nement, ce fut la pr\u00e9sence de la reine Paola, accompagn\u00e9e par le roi Albert II. \u00c2g\u00e9s respectivement&hellip;\n","protected":false},"author":2,"featured_media":246097,"comment_status":"","ping_status":"","sticky":false,"template":"","format":"standard","meta":{"footnotes":""},"categories":[1359],"tags":[29232,58,59,1011,27,36051,973,12483,553],"class_list":{"0":"post-246096","1":"post","2":"type-post","3":"status-publish","4":"format-standard","5":"has-post-thumbnail","7":"category-people","8":"tag-albert-ii","9":"tag-divertissement","10":"tag-entertainment","11":"tag-fr","12":"tag-france","13":"tag-paola","14":"tag-people","15":"tag-reine","16":"tag-roi"},"share_on_mastodon":{"url":"https:\/\/pubeurope.com\/@fr\/114843203936769309","error":""},"_links":{"self":[{"href":"https:\/\/www.europesays.com\/fr\/wp-json\/wp\/v2\/posts\/246096","targetHints":{"allow":["GET"]}}],"collection":[{"href":"https:\/\/www.europesays.com\/fr\/wp-json\/wp\/v2\/posts"}],"about":[{"href":"https:\/\/www.europesays.com\/fr\/wp-json\/wp\/v2\/types\/post"}],"author":[{"embeddable":true,"href":"https:\/\/www.europesays.com\/fr\/wp-json\/wp\/v2\/users\/2"}],"replies":[{"embeddable":true,"href":"https:\/\/www.europesays.com\/fr\/wp-json\/wp\/v2\/comments?post=246096"}],"version-history":[{"count":0,"href":"https:\/\/www.europesays.com\/fr\/wp-json\/wp\/v2\/posts\/246096\/revisions"}],"wp:featuredmedia":[{"embeddable":true,"href":"https:\/\/www.europesays.com\/fr\/wp-json\/wp\/v2\/media\/246097"}],"wp:attachment":[{"href":"https:\/\/www.europesays.com\/fr\/wp-json\/wp\/v2\/media?parent=246096"}],"wp:term":[{"taxonomy":"category","embeddable":true,"href":"https:\/\/www.europesays.com\/fr\/wp-json\/wp\/v2\/categories?post=246096"},{"taxonomy":"post_tag","embeddable":true,"href":"https:\/\/www.europesays.com\/fr\/wp-json\/wp\/v2\/tags?post=246096"}],"curies":[{"name":"wp","href":"https:\/\/api.w.org\/{rel}","templated":true}]}}