{"id":246108,"date":"2025-07-13T01:03:10","date_gmt":"2025-07-13T01:03:10","guid":{"rendered":"https:\/\/www.europesays.com\/fr\/246108\/"},"modified":"2025-07-13T01:03:10","modified_gmt":"2025-07-13T01:03:10","slug":"rc-lens-mercato-lindemnite-pour-le-transfert-de-matthieu-udol-est-connue","status":"publish","type":"post","link":"https:\/\/www.europesays.com\/fr\/246108\/","title":{"rendered":"RC Lens Mercato : l&rsquo;indemnit\u00e9 pour le transfert de Matthieu Udol est connue"},"content":{"rendered":"<p><strong>Alors que Lens et Metz ont tard\u00e9 \u00e0 se mettre d\u2019accord pour Matthieu Udol, c\u2019est d\u00e9sormais chose faite. Mais pas \u00e0 n\u2019importe quel prix\u2026<\/strong><\/p>\n<p>Le RC Lens s\u2019appr\u00eate \u00e0 renforcer sa d\u00e9fense avec l\u2019arriv\u00e9e imminente de Matthieu Udol, le capitaine embl\u00e9matique du FC Metz. <a href=\"http:\/\/butfootballclub.fr\/competitions\/rc-lens-mercato-accord-total-pour-matthieu-udol\/\" rel=\"noreferrer noopener nofollow\" target=\"_blank\">Comme nous vous l\u2019avons relay\u00e9<\/a> plus t\u00f4t ce samedi, le lat\u00e9ral gauche de 29 ans s\u2019appr\u00eate \u00e0 rejoindre les Sang et Or. Et <a href=\"https:\/\/www.lequipe.fr\/Football\/Actualites\/Accord-trouve-entre-metz-et-lens-pour-le-depart-de-matthieu-udol\/1577512\" rel=\"noreferrer noopener nofollow\" target=\"_blank\">L\u2019\u00c9quipe<\/a> pr\u00e9cise que le transfert est estim\u00e9 \u00e0 3,5 millions d\u2019euros, avec 1,5 million de bonus pour le joueur aux 89 matchs de Ligue 1. <\/p>\n<p>Finalisation imminente<\/p>\n<p>Cette op\u00e9ration, qui devrait se finaliser d\u2019ici ce week-end ou au d\u00e9but de la semaine prochaine, fait suite \u00e0 un accord trouv\u00e9 entre les deux clubs, sous r\u00e9serve de la visite m\u00e9dicale et de la signature du contrat. Udol, qui n\u2019a pas repris l\u2019entra\u00eenement avec Metz, a montr\u00e9 \u00e0 de nombreuses reprises sa frustration, mais semble d\u00e9sormais pr\u00eat \u00e0 relever ce nouveau d\u00e9fi avec Lens. Il viendra notamment concurrencer Deiver Machado et Jhoanner Chavez pour un poste cl\u00e9 sur le flanc gauche de la d\u00e9fense lensoise.<\/p>\n","protected":false},"excerpt":{"rendered":"Alors que Lens et Metz ont tard\u00e9 \u00e0 se mettre d\u2019accord pour Matthieu Udol, c\u2019est d\u00e9sormais chose faite.&hellip;\n","protected":false},"author":2,"featured_media":246109,"comment_status":"","ping_status":"","sticky":false,"template":"","format":"standard","meta":{"footnotes":""},"categories":[9],"tags":[11,448,63,1011,27,66,3388,12,60,10662],"class_list":{"0":"post-246108","1":"post","2":"type-post","3":"status-publish","4":"format-standard","5":"has-post-thumbnail","7":"category-sports","8":"tag-actualites","9":"tag-champions-league","10":"tag-football","11":"tag-fr","12":"tag-france","13":"tag-ligue-1","14":"tag-matchs","15":"tag-news","16":"tag-sports","17":"tag-transferts"},"share_on_mastodon":{"url":"","error":""},"_links":{"self":[{"href":"https:\/\/www.europesays.com\/fr\/wp-json\/wp\/v2\/posts\/246108","targetHints":{"allow":["GET"]}}],"collection":[{"href":"https:\/\/www.europesays.com\/fr\/wp-json\/wp\/v2\/posts"}],"about":[{"href":"https:\/\/www.europesays.com\/fr\/wp-json\/wp\/v2\/types\/post"}],"author":[{"embeddable":true,"href":"https:\/\/www.europesays.com\/fr\/wp-json\/wp\/v2\/users\/2"}],"replies":[{"embeddable":true,"href":"https:\/\/www.europesays.com\/fr\/wp-json\/wp\/v2\/comments?post=246108"}],"version-history":[{"count":0,"href":"https:\/\/www.europesays.com\/fr\/wp-json\/wp\/v2\/posts\/246108\/revisions"}],"wp:featuredmedia":[{"embeddable":true,"href":"https:\/\/www.europesays.com\/fr\/wp-json\/wp\/v2\/media\/246109"}],"wp:attachment":[{"href":"https:\/\/www.europesays.com\/fr\/wp-json\/wp\/v2\/media?parent=246108"}],"wp:term":[{"taxonomy":"category","embeddable":true,"href":"https:\/\/www.europesays.com\/fr\/wp-json\/wp\/v2\/categories?post=246108"},{"taxonomy":"post_tag","embeddable":true,"href":"https:\/\/www.europesays.com\/fr\/wp-json\/wp\/v2\/tags?post=246108"}],"curies":[{"name":"wp","href":"https:\/\/api.w.org\/{rel}","templated":true}]}}