{"id":246114,"date":"2025-07-13T01:06:10","date_gmt":"2025-07-13T01:06:10","guid":{"rendered":"https:\/\/www.europesays.com\/fr\/246114\/"},"modified":"2025-07-13T01:06:10","modified_gmt":"2025-07-13T01:06:10","slug":"marco-pelletier-le-bistrotier-prodige-qui-ne-connait-pas-la-crise","status":"publish","type":"post","link":"https:\/\/www.europesays.com\/fr\/246114\/","title":{"rendered":"Marco Pelletier, le bistrotier prodige qui ne conna\u00eet pas la crise"},"content":{"rendered":"<p>    Marco Pelletier, propri\u00e9taire de Vantre.<br \/>\n                SDP<\/p>\n<p>\u00c0 rebours de ces tables du d\u00e9jeuner o\u00f9 seule la Ch\u00e2teldon coule d\u00e9sormais \u00e0 flot, Vantre peut s\u2019enorgueillir d\u2019attirer chaque midi une client\u00e8le pr\u00eate \u00e0 en d\u00e9coudre. Avec plus de 48000 bouteilles en cave, le bistrot de Marco Pelletier survole la crise avec une subtile insolence. Rencontre.<\/p>\n<p class=\"fig-paragraph\">En ce mardi de juin, accoud\u00e9 au comptoir de son bistrot rempli comme une \u00e9glise un dimanche de P\u00e2ques, Marco Pelletier scanne l\u2019int\u00e9gralit\u00e9 de la vingtaine de tables soucieuses de faire tra\u00eener le dessert, histoire de\u00a0<a href=\"http:\/\/avis-vin.lefigaro.fr\/podcasts\/d-ou-vient-cette-envie-irresistible-de-commander-un-deuxieme-verre-20250518\" target=\"_blank\" data-fig-type=\"Article\" rel=\"noopener\" data-gtm-custom-categorie=\"navigation\" data-gtm-custom-action=\"crossclick\" data-gtm-custom-label=\"Contextuel\" data-gtm-event=\"customEventSPE\" data-fig-domain=\"AVIS_VIN\">commander une ultime bouteille<\/a>\u00a0avant de resserrer la cravate. \u00abCe midi, je n\u2019ai eu aucune table sans vin\u00a0!\u00bb, nous lance avec malice le propri\u00e9taire des lieux. Silhouette rabelaisienne, l\u00e9ger accent canadien, cet ancien chef sommelier pass\u00e9 par le Taillevent et le Bristol est aujourd\u2019hui l\u2019une des plus grandes pointures de France en mati\u00e8re de vins d\u2019auteurs, rassemblant une client\u00e8le des plus bigarr\u00e9es, allant des inconditionnels de palaces aux travailleurs du coin, en passant par des collectionneurs, des cols blancs et quelques bleus, ou encore des chefs de renomm\u00e9e mondiale. En somme, un lieu o\u00f9 peu viennent par hasard, ouvert suite \u00e0 une ind\u00e9pendance retrouv\u00e9e en 2016.<\/p>\n<p><strong>Du Dom P\u00e9rignon cach\u00e9 dans la doublure<\/strong><\/p>\n<p class=\"fig-paragraph\">Comme nombre de prodiges, Marco Pelletier n\u2019a pas suivi la voie royale afin de b\u00e2tir son petit empire\u2026<\/p>\n<p class=\"fig-premium-paywall__infos\">\n        Cet article est r\u00e9serv\u00e9 aux abonn\u00e9s.        Il vous reste 82% \u00e0 d\u00e9couvrir.\n    <\/p>\n<p>                <img  data- alt=\"Le Figaro\" class=\"fig-img--complete fig-img\"\/><\/p>\n<p class=\"fig-premium-paywall__title\">Vous avez envie de lire la suite ?<\/p>\n<p class=\"fig-premium-paywall__subtitle\">D\u00e9bloquez tous les articles imm\u00e9diatement.<\/p>\n<p class=\"fig-premium-paywall__connect\">\n                D\u00e9j\u00e0 abonn\u00e9\u00a0?                <a class=\"fig-premium-paywall__connect-link\" href=\"https:\/\/connect.lefigaro.fr\/login?client=vin_web&amp;type=main&amp;redirect_uri=https%3A%2F%2Favis-vin.lefigaro.fr%2Feconomie-du-vin%2Fce-midi-je-n-ai-eu-aucune-table-sans-vin-marco-pelletier-le-bistrotier-prodige-qui-ne-connait-pas-la-crise-20250712\" data-js-gtm=\"{&quot;customCategorie&quot;: &quot;conversion&quot;, &quot;customAction&quot;: &quot;before_Landing_Connexion_paywall_auto&quot;, &quot;customLabel&quot;: &quot;YXZpcy12aW4ubGVmaWdhcm8uZnJfXzFmMDQ1Zjc5LTgzMDEtNmYyYS1iODI4LTk1ZTAxMjMyNGQ4Zl9fQXJ0aWNsZQ==_\u00abCe midi, je n\u2019ai eu aucune table sans vin\u00a0!\u00bb\u00a0: Marco Pelletier, le bistrotier prodige qui ne conna\u00eet pas la crise_97&quot;, &quot;customIDSPE&quot;: &quot;YXZpcy12aW4ubGVmaWdhcm8uZnJfXzFmMDQ1Zjc5LTgzMDEtNmYyYS1iODI4LTk1ZTAxMjMyNGQ4Zl9fQXJ0aWNsZQ==&quot;, &quot;event&quot;: &quot;customEventSPE&quot;}\" target=\"_blank\" rel=\"noopener\"><br \/>\n                    Connectez-vous<br \/>\n                <\/a>\n            <\/p>\n","protected":false},"excerpt":{"rendered":"Marco Pelletier, propri\u00e9taire de Vantre. SDP \u00c0 rebours de ces tables du d\u00e9jeuner o\u00f9 seule la Ch\u00e2teldon coule&hellip;\n","protected":false},"author":2,"featured_media":246115,"comment_status":"","ping_status":"","sticky":false,"template":"","format":"standard","meta":{"footnotes":""},"categories":[6],"tags":[19808,35,33,34,1011,27],"class_list":{"0":"post-246114","1":"post","2":"type-post","3":"status-publish","4":"format-standard","5":"has-post-thumbnail","7":"category-economie","8":"tag-bistrot","9":"tag-business","10":"tag-economie","11":"tag-economy","12":"tag-fr","13":"tag-france"},"share_on_mastodon":{"url":"https:\/\/pubeurope.com\/@fr\/114843247129166516","error":""},"_links":{"self":[{"href":"https:\/\/www.europesays.com\/fr\/wp-json\/wp\/v2\/posts\/246114","targetHints":{"allow":["GET"]}}],"collection":[{"href":"https:\/\/www.europesays.com\/fr\/wp-json\/wp\/v2\/posts"}],"about":[{"href":"https:\/\/www.europesays.com\/fr\/wp-json\/wp\/v2\/types\/post"}],"author":[{"embeddable":true,"href":"https:\/\/www.europesays.com\/fr\/wp-json\/wp\/v2\/users\/2"}],"replies":[{"embeddable":true,"href":"https:\/\/www.europesays.com\/fr\/wp-json\/wp\/v2\/comments?post=246114"}],"version-history":[{"count":0,"href":"https:\/\/www.europesays.com\/fr\/wp-json\/wp\/v2\/posts\/246114\/revisions"}],"wp:featuredmedia":[{"embeddable":true,"href":"https:\/\/www.europesays.com\/fr\/wp-json\/wp\/v2\/media\/246115"}],"wp:attachment":[{"href":"https:\/\/www.europesays.com\/fr\/wp-json\/wp\/v2\/media?parent=246114"}],"wp:term":[{"taxonomy":"category","embeddable":true,"href":"https:\/\/www.europesays.com\/fr\/wp-json\/wp\/v2\/categories?post=246114"},{"taxonomy":"post_tag","embeddable":true,"href":"https:\/\/www.europesays.com\/fr\/wp-json\/wp\/v2\/tags?post=246114"}],"curies":[{"name":"wp","href":"https:\/\/api.w.org\/{rel}","templated":true}]}}