{"id":246116,"date":"2025-07-13T01:07:18","date_gmt":"2025-07-13T01:07:18","guid":{"rendered":"https:\/\/www.europesays.com\/fr\/246116\/"},"modified":"2025-07-13T01:07:18","modified_gmt":"2025-07-13T01:07:18","slug":"le-look-maitrise-de-melania-trump-au-chevet-des-victimes-du-camp-mystic","status":"publish","type":"post","link":"https:\/\/www.europesays.com\/fr\/246116\/","title":{"rendered":"le look ma\u00eetris\u00e9 de Melania Trump au chevet des victimes du \u00abCamp Mystic\u00bb"},"content":{"rendered":"<p>Ce jeudi, Melania Trump a accompagn\u00e9 son \u00e9poux, le pr\u00e9sident des \u00c9tats-Unis, lors d\u2019une sortie officielle au Texas, \u00e0 la rencontre des familles touch\u00e9es par les inondations meurtri\u00e8res survenues au Camp Mystic.<\/p>\n<p class=\"fig-paragraph\">Ce vendredi 11 juillet, la First Lady s\u2019est rendue \u00e0 Kerrville, au Texas, accompagn\u00e9 de son \u00e9poux, le pr\u00e9sident am\u00e9ricain\u00a0<a href=\"http:\/\/madame.lefigaro.fr\/celebrites\/actu-people\/l-etrange-baiser-de-melania-et-donald-trump-pour-les-celebrations-du-4-juillet-20250707\" data-fig-type=\"Article\" data-gtm-custom-categorie=\"navigation\" data-gtm-custom-action=\"crossclick\" data-gtm-custom-label=\"Contextuel\" data-gtm-event=\"customEventSPE\" data-fig-domain=\"MADAME\" rel=\"nofollow noopener\" target=\"_blank\">Donald Trump<\/a>, pour rencontrer les familles touch\u00e9es par la trag\u00e9die du Camp Mystic, un camp de vacances chr\u00e9tien pour jeunes filles, tragiquement frapp\u00e9 par la crue meurtri\u00e8re qui a ravag\u00e9 la r\u00e9gion. Un moment de recueillement, o\u00f9 chaque d\u00e9tail comptait \u2014 y compris sa tenue.<\/p>\n<p class=\"fig-body-link&#10;    \">\n            \u00c0 lire aussi<br \/>\n        <a class=\"fig-body-link__link\" href=\"http:\/\/madame.lefigaro.fr\/societe\/actu\/qu-est-ce-que-le-camp-mystic-cette-colonie-de-vacances-chretienne-reserve-aux-filles-touche-par-la-crue-meurtriere-au-texas-20250707\" data-fig-type=\"Article\" data-gtm-custom-categorie=\"navigation\" data-gtm-custom-action=\"crossclick\" data-gtm-custom-label=\"Contextuel\" data-gtm-event=\"customEventSPE\" data-fig-domain=\"MADAME\" rel=\"nofollow noopener\" target=\"_blank\">Qu\u2019est-ce que le \u00ab\u00a0Camp Mystic\u00a0\u00bb, cette colonie de vacances chr\u00e9tienne r\u00e9serv\u00e9e aux filles touch\u00e9e par la crue meurtri\u00e8re au Texas\u00a0?<\/a>\n<\/p>\n<p>Un bracelet de perles<\/p>\n<p>    Donald et Melania Trump \u00e0 Kerrville.<br \/>\n                BRENDAN SMIALOWSKI \/ AFP<\/p>\n<p class=\"fig-paragraph\">Exit ainsi les talons aiguilles et les robes cintr\u00e9es, bien plus propices aux d\u00eeners de la Maison Blanche. Cette fois,\u00a0<a href=\"http:\/\/madame.lefigaro.fr\/style\/news\/tailleur-ivoire-et-main-sur-le-coeur-l-apparition-hieratique-de-melania-trump-au-250e-anniversaire-de-l-armee-americaine-20250616\" data-fig-type=\"Article\" data-gtm-custom-categorie=\"navigation\" data-gtm-custom-action=\"crossclick\" data-gtm-custom-label=\"Contextuel\" data-gtm-event=\"customEventSPE\" data-fig-domain=\"MADAME\" rel=\"nofollow noopener\" target=\"_blank\">Melania Trump<\/a>\u00a0est apparue dans un look utilitaire mais soigneusement compos\u00e9. Elle portait une veste saharienne kaki associ\u00e9e \u00e0 un pantalon cargo assorti. Une palette de verts sobres, prompt au camouflage et \u00e0 la discr\u00e9tion. Au pied, elle avait opt\u00e9 pour une paire de Converse grises et \u00e0 la t\u00eate, une casquette noire sans logo.<\/p>\n<p>                                    <a class=\"fig-a11y-skip a11y-hidden\" href=\"#fig-a11y-skip-main-inarticle\"><br \/>\n        Passer la publicit\u00e9<br \/>\n    <\/a><\/p>\n<p class=\"fig-paragraph\">Mais c\u2019est un bracelet en perles, remis par l\u2019\u00e9quipe du camp, qui a particuli\u00e8rement retenu l\u2019attention. Bijou comm\u00e9moratif, confectionn\u00e9 en hommage aux jeunes disparues, il a \u00e9t\u00e9 imm\u00e9diatement pass\u00e9 \u00e0 son poignet.<\/p>\n<p class=\"fig-paragraph\">Melania Trump n\u2019a pris la parole que bri\u00e8vement<strong>\u00ab. <\/strong>Mes plus sinc\u00e8res condol\u00e9ances \u00e0 tous les parents qui ont perdu de belles jeunes \u00e2mes. Nos plus sinc\u00e8res condol\u00e9ances \u00e0 tous, \u00e0 la communaut\u00e9, \u00e0 tous ceux qui ont perdu un \u00eatre cher. Nous partageons votre deuil. Notre nation partage votre deuil, a-t-elle d\u00e9clar\u00e9. Je prie simplement pour eux et je leur donne ma force et mon amour\u00bb.<\/p>\n","protected":false},"excerpt":{"rendered":"Ce jeudi, Melania Trump a accompagn\u00e9 son \u00e9poux, le pr\u00e9sident des \u00c9tats-Unis, lors d\u2019une sortie officielle au Texas,&hellip;\n","protected":false},"author":2,"featured_media":246117,"comment_status":"","ping_status":"","sticky":false,"template":"","format":"standard","meta":{"footnotes":""},"categories":[5],"tags":[11,1011,27,14,21831,12,28],"class_list":{"0":"post-246116","1":"post","2":"type-post","3":"status-publish","4":"format-standard","5":"has-post-thumbnail","7":"category-international","8":"tag-actualites","9":"tag-fr","10":"tag-france","11":"tag-international","12":"tag-melania-trump","13":"tag-news","14":"tag-world"},"share_on_mastodon":{"url":"https:\/\/pubeurope.com\/@fr\/114843251071592976","error":""},"_links":{"self":[{"href":"https:\/\/www.europesays.com\/fr\/wp-json\/wp\/v2\/posts\/246116","targetHints":{"allow":["GET"]}}],"collection":[{"href":"https:\/\/www.europesays.com\/fr\/wp-json\/wp\/v2\/posts"}],"about":[{"href":"https:\/\/www.europesays.com\/fr\/wp-json\/wp\/v2\/types\/post"}],"author":[{"embeddable":true,"href":"https:\/\/www.europesays.com\/fr\/wp-json\/wp\/v2\/users\/2"}],"replies":[{"embeddable":true,"href":"https:\/\/www.europesays.com\/fr\/wp-json\/wp\/v2\/comments?post=246116"}],"version-history":[{"count":0,"href":"https:\/\/www.europesays.com\/fr\/wp-json\/wp\/v2\/posts\/246116\/revisions"}],"wp:featuredmedia":[{"embeddable":true,"href":"https:\/\/www.europesays.com\/fr\/wp-json\/wp\/v2\/media\/246117"}],"wp:attachment":[{"href":"https:\/\/www.europesays.com\/fr\/wp-json\/wp\/v2\/media?parent=246116"}],"wp:term":[{"taxonomy":"category","embeddable":true,"href":"https:\/\/www.europesays.com\/fr\/wp-json\/wp\/v2\/categories?post=246116"},{"taxonomy":"post_tag","embeddable":true,"href":"https:\/\/www.europesays.com\/fr\/wp-json\/wp\/v2\/tags?post=246116"}],"curies":[{"name":"wp","href":"https:\/\/api.w.org\/{rel}","templated":true}]}}