{"id":246118,"date":"2025-07-13T01:08:11","date_gmt":"2025-07-13T01:08:11","guid":{"rendered":"https:\/\/www.europesays.com\/fr\/246118\/"},"modified":"2025-07-13T01:08:11","modified_gmt":"2025-07-13T01:08:11","slug":"rixe-mortelle-au-couteau-a-clermont-ferrand-kevin-amodru-le-caporal-chef-decede-etait-passe-par-le-54e-regiment-dartillerie-de-hyeres","status":"publish","type":"post","link":"https:\/\/www.europesays.com\/fr\/246118\/","title":{"rendered":"Rixe mortelle au couteau \u00e0 Clermont-Ferrand: K\u00e9vin Amodru, le caporal-chef d\u00e9c\u00e9d\u00e9 \u00e9tait pass\u00e9 par le 54e R\u00e9giment d\u2019artillerie de Hy\u00e8res"},"content":{"rendered":"<p>L\u2019arm\u00e9e fran\u00e7aise est en deuil, ce samedi. Le caporal-chef K\u00e9vin Amodru, 28 ans, du 92e R\u00e9giment d\u2019infanterie de Clermont-Ferrand et <strong>pass\u00e9 auparavant par le 54e R\u00e9giment d\u2019artillerie de Hy\u00e8res<\/strong>, est mort des suites de ses blessures apr\u00e8s avoir \u00e9t\u00e9 poignard\u00e9 la veille lors d\u2019une rixe.<\/p>\n<p>Un de ses camarades du 92e R\u00e9giment d\u2019infanterie, \u00e2g\u00e9 de 23 ans et dont l\u2019identit\u00e9 n\u2019a pas \u00e9t\u00e9 d\u00e9voil\u00e9e, a, lui, \u00e9t\u00e9 gri\u00e8vement bless\u00e9; il a \u00e9t\u00e9 hospitalis\u00e9 avec son pronostic vital engag\u00e9 et se trouvait ce samedi en r\u00e9animation, mais dans un \u00e9tat stable, selon l\u2019\u00e9tat-major.<\/p>\n<p><b>Ils ont \u00e9t\u00e9 \u00ab\u00a0pris \u00e0 partie\u00a0\u00bb selon le ministre des Arm\u00e9es<\/b><\/p>\n<p>Deux suspects, qui seraient \u00e2g\u00e9s de 20 et 21 ans, \u00e9taient en garde \u00e0 vue et devaient \u00eatre pr\u00e9sent\u00e9s \u00e0 un juge d\u2019instruction, respectivement pour \u00ab\u00a0meurtre et tentative de meurtre\u00a0\u00bb et \u00ab\u00a0violences aggrav\u00e9es\u00a0\u00bb, a indiqu\u00e9 le parquet.<\/p>\n<p>La rixe s\u2019est d\u00e9roul\u00e9e dans la nuit de jeudi \u00e0 vendredi \u00e0 la sortie d\u2019une discoth\u00e8que situ\u00e9e rue Sainte-Claire, en plein centre-ville de Clermont-Ferrand. \u00ab\u00a0Tout le monde \u00e9tait alcoolis\u00e9 et \u00e7a a d\u00e9g\u00e9n\u00e9r\u00e9\u00a0\u00bb, selon le parquet, confirmant une information de nos confr\u00e8res de <a href=\"https:\/\/www.lamontagne.fr\/clermont-ferrand-63000\/faits-divers\/qui-etait-le-militaire-du-92e-r-i-de-clermont-ferrand-tue-d-un-coup-de-couteau_14720588\/\" target=\"_blank\" rel=\"noopener nofollow\">La Montagne.<\/a><\/p>\n<p>Les deux militaires, qui \u00e9taient en tenue civile et ont \u00e9t\u00e9 \u00ab\u00a0pris \u00e0 partie\u00a0\u00bb selon le ministre des Arm\u00e9es, S\u00e9bastien Lecornu, auraient \u00e9t\u00e9 touch\u00e9s <strong>l\u2019un au ventre et l\u2019autre dans le dos<\/strong>, d\u2019apr\u00e8s La Montagne. Ils \u00e9taient allong\u00e9s au sol lorsque les policiers, alert\u00e9s par des t\u00e9moins, sont arriv\u00e9s sur place.<\/p>\n<p><b>Une cagnotte en ligne pour la famille<\/b><\/p>\n<p>Les deux suspects, habitant l\u2019agglom\u00e9ration clermontoise, auraient encore \u00e9t\u00e9 alcoolis\u00e9s lorsqu\u2019ils ont \u00e9t\u00e9 interpell\u00e9s peu de temps apr\u00e8s les faits, selon Radio des volcans d\u2019Auvergne. Seul l\u2019un des deux est soup\u00e7onn\u00e9 d\u2019avoir port\u00e9 des coups de couteau; l\u2019autre serait, cependant, \u00e0 l\u2019origine de la rixe et y aurait particip\u00e9, selon La Montagne. Le premier <strong>est d\u00e9j\u00e0 connu de la justice pour des faits de violence<\/strong>, d\u2019apr\u00e8s le parquet, qui a demand\u00e9 leur d\u00e9tention.<\/p>\n<p>S\u00e9bastien Lecornu a fait part hier de sa \u00ab\u00a0vive \u00e9motion\u00a0\u00bb et a pr\u00e9sent\u00e9 ses condol\u00e9ances aux proches et aux \u00ab\u00a0fr\u00e8res d\u2019armes\u00a0\u00bb du caporal-chef K\u00e9vin Amodru. Il \u00ab\u00a0a servi honorablement la France durant plus de 9 ans\u00a0\u00bb, lui a rendu hommage sur Facebook le 92e R\u00e9giment d\u2019infanterie, qui a fait part de sa \u00ab\u00a0profonde tristesse\u00a0\u00bb. \u00ab\u00a0Profonds sentiments de soutiens et sinc\u00e8res condol\u00e9ances \u00e0 la famille et aux proches [&#8230;] mais aussi \u00e0 tous ceux qui l\u2019ont connu\u00a0\u00bb, a rench\u00e9ri le 54e R\u00e9giment d\u2019artillerie. Une cagnotte en ligne a \u00e9t\u00e9 lanc\u00e9e \u00ab\u00a0pour soutenir la famille de K\u00e9vin dans cette \u00e9preuve\u00a0\u00bb; <a href=\"https:\/\/www.leetchi.com\/fr\/c\/pour-amodru-1855167\" target=\"_blank\" rel=\"noopener nofollow\"><strong>plus de 14.000 euros avaient \u00e9t\u00e9 r\u00e9colt\u00e9s ce samedi soir.<\/strong><\/a><\/p>\n<p>\u00ab\u00a0L\u2019enqu\u00eate judiciaire en cours permettra de d\u00e9terminer les circonstances exactes de ce drame\u00a0\u00bb, a r\u00e9agi le pr\u00e9fet du Puy-de-D\u00f4me, Jo\u00ebl Mathurin.<\/p>\n","protected":false},"excerpt":{"rendered":"L\u2019arm\u00e9e fran\u00e7aise est en deuil, ce samedi. Le caporal-chef K\u00e9vin Amodru, 28 ans, du 92e R\u00e9giment d\u2019infanterie de&hellip;\n","protected":false},"author":2,"featured_media":246119,"comment_status":"","ping_status":"","sticky":false,"template":"","format":"standard","meta":{"footnotes":""},"categories":[4],"tags":[11,554,118,1011,27,12,25],"class_list":{"0":"post-246118","1":"post","2":"type-post","3":"status-publish","4":"format-standard","5":"has-post-thumbnail","7":"category-france","8":"tag-actualites","9":"tag-defense","10":"tag-faits-divers","11":"tag-fr","12":"tag-france","13":"tag-news","14":"tag-republique-francaise"},"share_on_mastodon":{"url":"https:\/\/pubeurope.com\/@fr\/114843254996456352","error":""},"_links":{"self":[{"href":"https:\/\/www.europesays.com\/fr\/wp-json\/wp\/v2\/posts\/246118","targetHints":{"allow":["GET"]}}],"collection":[{"href":"https:\/\/www.europesays.com\/fr\/wp-json\/wp\/v2\/posts"}],"about":[{"href":"https:\/\/www.europesays.com\/fr\/wp-json\/wp\/v2\/types\/post"}],"author":[{"embeddable":true,"href":"https:\/\/www.europesays.com\/fr\/wp-json\/wp\/v2\/users\/2"}],"replies":[{"embeddable":true,"href":"https:\/\/www.europesays.com\/fr\/wp-json\/wp\/v2\/comments?post=246118"}],"version-history":[{"count":0,"href":"https:\/\/www.europesays.com\/fr\/wp-json\/wp\/v2\/posts\/246118\/revisions"}],"wp:featuredmedia":[{"embeddable":true,"href":"https:\/\/www.europesays.com\/fr\/wp-json\/wp\/v2\/media\/246119"}],"wp:attachment":[{"href":"https:\/\/www.europesays.com\/fr\/wp-json\/wp\/v2\/media?parent=246118"}],"wp:term":[{"taxonomy":"category","embeddable":true,"href":"https:\/\/www.europesays.com\/fr\/wp-json\/wp\/v2\/categories?post=246118"},{"taxonomy":"post_tag","embeddable":true,"href":"https:\/\/www.europesays.com\/fr\/wp-json\/wp\/v2\/tags?post=246118"}],"curies":[{"name":"wp","href":"https:\/\/api.w.org\/{rel}","templated":true}]}}