{"id":246120,"date":"2025-07-13T01:09:18","date_gmt":"2025-07-13T01:09:18","guid":{"rendered":"https:\/\/www.europesays.com\/fr\/246120\/"},"modified":"2025-07-13T01:09:18","modified_gmt":"2025-07-13T01:09:18","slug":"le-commerce-exterieur-une-scene-mondiale-pour-le-show-autocratique-de-trump-liberation","status":"publish","type":"post","link":"https:\/\/www.europesays.com\/fr\/246120\/","title":{"rendered":"le commerce ext\u00e9rieur, une sc\u00e8ne mondiale pour le show autocratique de Trump \u2013 Lib\u00e9ration"},"content":{"rendered":"<p class=\"sc-ksZaOG ehjQrN text-element\">Il est le seul \u00e0 comprendre\u00a0; le seul \u00e0 savoir quel but ultime rec\u00e8lent ses ordres et contrordres commerciaux et la temp\u00eate permanente de pourcentages ridicules qu\u2019il inflige au vaste monde. Qu\u2019elle soit av\u00e9r\u00e9e ou non, r\u00e9aliste ou sujette \u00e0 un prochain et ni\u00e8me revirement, la d\u00e9cision de Donald Trump, ce samedi 12\u00a0juillet, <a href=\"https:\/\/www.liberation.fr\/international\/amerique\/taxes-douanieres-donald-trump-annonce-la-douloureuse-a-lunion-europeenne-a-hauteur-de-30-20250712_Q7H6B2H3AREXFDBFEQOFV7UQXA\/\" target=\"_blank\" rel=\"noreferrer nofollow noopener\" title=\"https:\/\/www.liberation.fr\/international\/amerique\/taxes-douanieres-donald-trump-annonce-la-douloureuse-a-lunion-europeenne-a-hauteur-de-30-20250712_Q7H6B2H3AREXFDBFEQOFV7UQXA\/\">d\u2019imposer d\u00e8s le 1er ao\u00fbt des droits de douane de 30\u00a0% \u00e0 l\u2019Union europ\u00e9enne<\/a> et au Mexique, deux partenaires primordiaux avec lesquels son gouvernement \u00e9tait pourtant en n\u00e9gociations apparemment constructives, \u00e9paissit encore le myst\u00e8re sur ses r\u00e9elles intentions \u00e9conomiques. Mais elle \u00e9claire un peu plus sur son univers mental, sur les pulsions r\u00e9galiennes qui lui tiennent lieu de mode op\u00e9ratoire, et servent avant tout \u00e0 r\u00e9affirmer son pouvoir sans partage.<\/p>\n","protected":false},"excerpt":{"rendered":"Il est le seul \u00e0 comprendre\u00a0; le seul \u00e0 savoir quel but ultime rec\u00e8lent ses ordres et contrordres&hellip;\n","protected":false},"author":2,"featured_media":246121,"comment_status":"","ping_status":"","sticky":false,"template":"","format":"standard","meta":{"footnotes":""},"categories":[2],"tags":[11,75,73,1011,27,1074,12,364,2544],"class_list":{"0":"post-246120","1":"post","2":"type-post","3":"status-publish","4":"format-standard","5":"has-post-thumbnail","7":"category-actualites","8":"tag-actualites","9":"tag-donald-trump","10":"tag-etats-unis","11":"tag-fr","12":"tag-france","13":"tag-guerre-commerciale","14":"tag-news","15":"tag-union-europeenne","16":"tag-ursula-von-der-leyen"},"share_on_mastodon":{"url":"https:\/\/pubeurope.com\/@fr\/114843258904309469","error":""},"_links":{"self":[{"href":"https:\/\/www.europesays.com\/fr\/wp-json\/wp\/v2\/posts\/246120","targetHints":{"allow":["GET"]}}],"collection":[{"href":"https:\/\/www.europesays.com\/fr\/wp-json\/wp\/v2\/posts"}],"about":[{"href":"https:\/\/www.europesays.com\/fr\/wp-json\/wp\/v2\/types\/post"}],"author":[{"embeddable":true,"href":"https:\/\/www.europesays.com\/fr\/wp-json\/wp\/v2\/users\/2"}],"replies":[{"embeddable":true,"href":"https:\/\/www.europesays.com\/fr\/wp-json\/wp\/v2\/comments?post=246120"}],"version-history":[{"count":0,"href":"https:\/\/www.europesays.com\/fr\/wp-json\/wp\/v2\/posts\/246120\/revisions"}],"wp:featuredmedia":[{"embeddable":true,"href":"https:\/\/www.europesays.com\/fr\/wp-json\/wp\/v2\/media\/246121"}],"wp:attachment":[{"href":"https:\/\/www.europesays.com\/fr\/wp-json\/wp\/v2\/media?parent=246120"}],"wp:term":[{"taxonomy":"category","embeddable":true,"href":"https:\/\/www.europesays.com\/fr\/wp-json\/wp\/v2\/categories?post=246120"},{"taxonomy":"post_tag","embeddable":true,"href":"https:\/\/www.europesays.com\/fr\/wp-json\/wp\/v2\/tags?post=246120"}],"curies":[{"name":"wp","href":"https:\/\/api.w.org\/{rel}","templated":true}]}}