{"id":246132,"date":"2025-07-13T01:27:24","date_gmt":"2025-07-13T01:27:24","guid":{"rendered":"https:\/\/www.europesays.com\/fr\/246132\/"},"modified":"2025-07-13T01:27:24","modified_gmt":"2025-07-13T01:27:24","slug":"pourquoi-un-avion-de-chasse-va-survoler-strasbourg-ce-dimanche","status":"publish","type":"post","link":"https:\/\/www.europesays.com\/fr\/246132\/","title":{"rendered":"Pourquoi un avion de chasse va survoler Strasbourg ce dimanche\u00a0?"},"content":{"rendered":"<p>            Par<br \/>\n        <strong><br \/>\n            <a href=\"https:\/\/actu.fr\/auteur\/olivia-kouassi\" title=\"Consulter tous les articles de Olivia Kouassi\" rel=\"nofollow noopener\" target=\"_blank\">Olivia Kouassi<\/a><br \/>\n        <\/strong><\/p>\n<p>        Publi\u00e9 le<\/p>\n<p>            11 juil. 2025 \u00e0 15h04        <\/p>\n<p>Pour c\u00e9l\u00e9brer la<strong> f\u00eate nationale,<\/strong> les \u00e9v\u00e9nements se multiplient ce week-end \u00e0 <strong>Strasbourg<\/strong>. Un <a href=\"https:\/\/actu.fr\/grand-est\/strasbourg_67482\/fete-nationale-du-14-juillet-a-strasbourg-voici-les-horaires-et-le-lieu-du-feu-d-artifice-en-2025_62704976.html\" rel=\"nofollow noopener\" target=\"_blank\">feu d\u2019artifice<\/a> sera notamment tir\u00e9 lundi 14 juillet vers 23h. Un spectacle de drones accompagnera ce traditionnel \u00e9v\u00e9nement.<\/p>\n<p class=\" wall-content\">\u00c0 l\u2019instar du <strong>d\u00e9fil\u00e9 militaire<\/strong> qui se tient <a href=\"https:\/\/actu.fr\/ile-de-france\/paris_75056\/le-defile-du-14-juillet-renoue-avec-les-traditions-en-2025-a-paris-a-quoi-s-attendre_62750040.html\" rel=\"nofollow noopener\" target=\"_blank\">chaque ann\u00e9e sur les Champs-\u00c9lys\u00e9es<\/a> \u00e0 <strong>Paris<\/strong>, le 14 juillet est aussi le moment de mettre en avant les arm\u00e9es. C\u2019est pourquoi un<strong> avion de chasse<\/strong> survolera les rues de <a href=\"https:\/\/actu.fr\/strasbourg\/\" rel=\"nofollow noopener\" target=\"_blank\">Strasbourg<\/a> (Bas-Rhin) dimanche 13 juillet durant une c\u00e9r\u00e9monie d\u00e9di\u00e9e.<\/p>\n<p>Un Mirage 2000 D au-dessus de Strasbourg<\/p>\n<p class=\" wall-content\">Contact\u00e9e, la base a\u00e9rienne 133 de Nancy-Ochey indique qu\u2019<strong>un Mirage 2000 D survolera Strasbourg ce dimanche vers 19h30<\/strong>.<\/p>\n<p class=\" wall-content\">Une c\u00e9r\u00e9monie militaire, pr\u00e9sid\u00e9e par <strong>Jacques Witkowski<\/strong>, pr\u00e9fet de la r\u00e9gion Grand Est, de la zone de d\u00e9fense et de s\u00e9curit\u00e9 Est et du Bas-Rhin, se tiendra place de la R\u00e9publique ce dimanche 13 juillet \u00e0 19\u2009h devant le palais du Rhin \u00e0 Strasbourg.<\/p>\n<p class=\" wall-content\">Suivez toute l\u2019actualit\u00e9 de vos villes et m\u00e9dias favoris en vous inscrivant \u00e0 <a href=\"https:\/\/moncompte.actu.fr\" title=\"D\u00e9couvez Mon Actu\" rel=\"nofollow noopener\" data-trk=\"{&quot;cta&quot;:{&quot;action&quot;:&quot;https:\\\/\\\/moncompte.actu.fr&quot;,&quot;category&quot;:&quot;mon compte&quot;,&quot;from&quot;:&quot;article footer&quot;,&quot;name&quot;:&quot;Mon actu&quot;,&quot;type&quot;:&quot;cta&quot;}}\" target=\"_blank\">Mon Actu<\/a>.<\/p>\n","protected":false},"excerpt":{"rendered":"Par Olivia Kouassi Publi\u00e9 le 11 juil. 2025 \u00e0 15h04 Pour c\u00e9l\u00e9brer la f\u00eate nationale, les \u00e9v\u00e9nements se&hellip;\n","protected":false},"author":2,"featured_media":246133,"comment_status":"","ping_status":"","sticky":false,"template":"","format":"standard","meta":{"footnotes":""},"categories":[2820],"tags":[1111,11,1813,1777,674,1011,27,775,12,25,104,640],"class_list":{"0":"post-246132","1":"post","2":"type-post","3":"status-publish","4":"format-standard","5":"has-post-thumbnail","7":"category-strasbourg","8":"tag-actu","9":"tag-actualites","10":"tag-armee","11":"tag-eu","12":"tag-europe","13":"tag-fr","14":"tag-france","15":"tag-grand-est","16":"tag-news","17":"tag-republique-francaise","18":"tag-societe","19":"tag-strasbourg"},"share_on_mastodon":{"url":"https:\/\/pubeurope.com\/@fr\/114843329696614980","error":""},"_links":{"self":[{"href":"https:\/\/www.europesays.com\/fr\/wp-json\/wp\/v2\/posts\/246132","targetHints":{"allow":["GET"]}}],"collection":[{"href":"https:\/\/www.europesays.com\/fr\/wp-json\/wp\/v2\/posts"}],"about":[{"href":"https:\/\/www.europesays.com\/fr\/wp-json\/wp\/v2\/types\/post"}],"author":[{"embeddable":true,"href":"https:\/\/www.europesays.com\/fr\/wp-json\/wp\/v2\/users\/2"}],"replies":[{"embeddable":true,"href":"https:\/\/www.europesays.com\/fr\/wp-json\/wp\/v2\/comments?post=246132"}],"version-history":[{"count":0,"href":"https:\/\/www.europesays.com\/fr\/wp-json\/wp\/v2\/posts\/246132\/revisions"}],"wp:featuredmedia":[{"embeddable":true,"href":"https:\/\/www.europesays.com\/fr\/wp-json\/wp\/v2\/media\/246133"}],"wp:attachment":[{"href":"https:\/\/www.europesays.com\/fr\/wp-json\/wp\/v2\/media?parent=246132"}],"wp:term":[{"taxonomy":"category","embeddable":true,"href":"https:\/\/www.europesays.com\/fr\/wp-json\/wp\/v2\/categories?post=246132"},{"taxonomy":"post_tag","embeddable":true,"href":"https:\/\/www.europesays.com\/fr\/wp-json\/wp\/v2\/tags?post=246132"}],"curies":[{"name":"wp","href":"https:\/\/api.w.org\/{rel}","templated":true}]}}