{"id":246140,"date":"2025-07-13T01:32:49","date_gmt":"2025-07-13T01:32:49","guid":{"rendered":"https:\/\/www.europesays.com\/fr\/246140\/"},"modified":"2025-07-13T01:32:49","modified_gmt":"2025-07-13T01:32:49","slug":"loire-atlantique-portrait-fc-nantes-bahmed-deuff-ce-geant-facile-avec-le-ballon-un","status":"publish","type":"post","link":"https:\/\/www.europesays.com\/fr\/246140\/","title":{"rendered":"Loire Atlantique &#8211; PORTRAIT. FC Nantes : Bahmed Deuff, ce g\u00e9ant facile avec le ballon : \u00ab Un"},"content":{"rendered":"<tr wp_automatic_readability=\"6.8864864864865\">\n<td valign=\"middle\" align=\"center\" class=\"col-logo\" wp_automatic_readability=\"5\">\n    <img decoding=\"async\" src=\"https:\/\/maville.com\/design\/images\/logo-of-monetise.svg?version=20130627\" alt=\"logo Ouest-France\" height=\"66\"\/><\/p>\n<p>Contenu r\u00e9serv\u00e9 aux abonn\u00e9s<\/p>\n<\/td>\n<td class=\"col-titre\">\n\t\t\tSamedi 12 juillet 2025 07:15<br \/>\n\t\t\t<a class=\"icon-bulle sizeL count\" href=\"#ancreAvis\"><br \/>\n\t&#8230;<br \/>\n<\/a><\/td>\n<\/tr>\n<p>\t\t<a class=\"mavillebox2 elmt-photo\" href=\"https:\/\/maville.com\/photosmvi\/2025\/07\/12\/P35351861D6897326G.jpg\" title=\" Bahmed, un enfant du FC Nantes. A la Joneli\u00e8re depuis ses 8 ans, il a sign\u00e9 son premier contrat professionnel mardi 8 juillet.  \u00a9  Baptiste MURA  &lt;!--TAG-CHP credit--&gt;\" rel=\"galerie_actu noopener\" target=\"_blank\"><br \/>\n\t<img decoding=\"async\" src=\"https:\/\/www.europesays.com\/fr\/wp-content\/uploads\/2025\/07\/P35351861D6897326G_crop_640-330_.jpg\" alt=\"photo  bahmed, un enfant du fc nantes. a la joneli\u00e8re depuis ses 8 ans, il a sign\u00e9 son premier contrat professionnel mardi 8 juillet.  \u00a9  baptiste mura \"\/><br \/>\n\t1<br \/>\n<\/a><\/p>\n<p>\t Bahmed, un enfant du FC Nantes. A la Joneli\u00e8re depuis ses 8 ans, il a sign\u00e9 son premier contrat professionnel mardi 8 juillet.  \u00a9  Baptiste MURA  <\/p>\n<p>\t\tR\u00e9v\u00e9lation de la saison derni\u00e8re avec la r\u00e9serve du FC Nantes, Bahmed Deuff a sign\u00e9 cette semaine son premier contrat professionnel et int\u00e9gr\u00e9 le groupe de Luis Castro. \u00c0 Saint-Nazaire, ce samedi, \u00e0 17h30, \u00e0 l\u2019occasion du premier match amical des Canaris contre le Stade Lavallois, le grand public pourrait d\u00e9couvrir ce profil atypique, un g\u00e9ant d\u2019196m \u00e0 la technique soyeuse.Amical. FC Nantes &#8211; Stade Lavallois (17h30). Le jeune milieu de 19 ans a sign\u00e9 cette semaine son premier contrat pro. Histoire d\u2019un Nantais qui a mis du temps a apprivoiser un corps hors norme.<\/p>\n<p><b>Cet article est r\u00e9serv\u00e9 aux abonn\u00e9s<\/b><\/p>\n<p>Pour un acc\u00e8s imm\u00e9diat, abonnez-vous<\/p>\n<p><b>1\u00e8re semaine offerte<\/b><\/p>\n<p>\t\t Jean-Marcel BOUDARD. \u00a0\u00a0<br \/>\n\t\tOuest-France<\/p>\n<p>Retrouvez d&rsquo;autres actus sur la commune de :<\/p>\n<p>\t\t&#13;<\/p>\n","protected":false},"excerpt":{"rendered":"Contenu r\u00e9serv\u00e9 aux abonn\u00e9s Samedi 12 juillet 2025 07:15 &#8230; 1 Bahmed, un enfant du FC Nantes. A&hellip;\n","protected":false},"author":2,"featured_media":246141,"comment_status":"","ping_status":"","sticky":false,"template":"","format":"standard","meta":{"footnotes":""},"categories":[2818],"tags":[1111,11,2063,1777,674,1011,27,1922,1393,2487,766,12,2636,1404,25,2923,4251,853,3165],"class_list":{"0":"post-246140","1":"post","2":"type-post","3":"status-publish","4":"format-standard","5":"has-post-thumbnail","7":"category-nantes","8":"tag-actu","9":"tag-actualites","10":"tag-annonces","11":"tag-eu","12":"tag-europe","13":"tag-fr","14":"tag-france","15":"tag-info","16":"tag-loisirs","17":"tag-meteo","18":"tag-nantes","19":"tag-news","20":"tag-pays-de-la-loire","21":"tag-quotidien","22":"tag-republique-francaise","23":"tag-restaurants","24":"tag-sortir","25":"tag-spectacles","26":"tag-vannes"},"share_on_mastodon":{"url":"https:\/\/pubeurope.com\/@fr\/114843353403608715","error":""},"_links":{"self":[{"href":"https:\/\/www.europesays.com\/fr\/wp-json\/wp\/v2\/posts\/246140","targetHints":{"allow":["GET"]}}],"collection":[{"href":"https:\/\/www.europesays.com\/fr\/wp-json\/wp\/v2\/posts"}],"about":[{"href":"https:\/\/www.europesays.com\/fr\/wp-json\/wp\/v2\/types\/post"}],"author":[{"embeddable":true,"href":"https:\/\/www.europesays.com\/fr\/wp-json\/wp\/v2\/users\/2"}],"replies":[{"embeddable":true,"href":"https:\/\/www.europesays.com\/fr\/wp-json\/wp\/v2\/comments?post=246140"}],"version-history":[{"count":0,"href":"https:\/\/www.europesays.com\/fr\/wp-json\/wp\/v2\/posts\/246140\/revisions"}],"wp:featuredmedia":[{"embeddable":true,"href":"https:\/\/www.europesays.com\/fr\/wp-json\/wp\/v2\/media\/246141"}],"wp:attachment":[{"href":"https:\/\/www.europesays.com\/fr\/wp-json\/wp\/v2\/media?parent=246140"}],"wp:term":[{"taxonomy":"category","embeddable":true,"href":"https:\/\/www.europesays.com\/fr\/wp-json\/wp\/v2\/categories?post=246140"},{"taxonomy":"post_tag","embeddable":true,"href":"https:\/\/www.europesays.com\/fr\/wp-json\/wp\/v2\/tags?post=246140"}],"curies":[{"name":"wp","href":"https:\/\/api.w.org\/{rel}","templated":true}]}}