{"id":246157,"date":"2025-07-13T01:45:15","date_gmt":"2025-07-13T01:45:15","guid":{"rendered":"https:\/\/www.europesays.com\/fr\/246157\/"},"modified":"2025-07-13T01:45:15","modified_gmt":"2025-07-13T01:45:15","slug":"lepicerie-heratchian-cent-ans-de-bombance-orientale-en-plein-paris-liberation","status":"publish","type":"post","link":"https:\/\/www.europesays.com\/fr\/246157\/","title":{"rendered":"L\u2019\u00e9picerie Heratchian, cent\u00a0ans de bombance orientale en plein Paris \u2013 Lib\u00e9ration"},"content":{"rendered":"<p class=\"sc-ksZaOG ehjQrN text-element\">Avant m\u00eame d\u2019entrer chez Heratchian, \u00e9picerie orientale du IXe arrondissement parisien, on per\u00e7oit d\u00e9j\u00e0, depuis la rue, l\u2019ambiance si particuli\u00e8re qui r\u00e8gne dans ce lieu hors du temps. Fa\u00e7ade orange vif, inscriptions rappelant l\u2019alphabet arm\u00e9nien, produits en vitrine pr\u00e9sent\u00e9s dans un ordre plus ou moins organis\u00e9\u2026 Tout nous invite \u00e0 entrer, malgr\u00e9 la folle chaleur de ce d\u00e9but juillet. Les pales du ventilateur, au plafond, tournent dans le vague espoir de rafra\u00eechir ce grand espace garni de d\u00e9lices, o\u00f9 l\u2019odeur de la saumure se m\u00eale \u00e0 celle des fruits confits qui luisent de tout leur sucre.<\/p>\n<p class=\"sc-ksZaOG ehjQrN text-element\">Heratchian a c\u00e9l\u00e9br\u00e9 ses cent ans le 30 juin. Et malgr\u00e9 les d\u00e9cennies, tout semble s\u2019\u00eatre fig\u00e9 ici dans un d\u00e9cor joliment d\u00e9suet tel une photographie oubli\u00e9e dans une malle. \u00abCe n\u2019est pas qu\u2019une impression : l\u2019\u00e9picerie a \u00e9t\u00e9 co<\/p>\n","protected":false},"excerpt":{"rendered":"Avant m\u00eame d\u2019entrer chez Heratchian, \u00e9picerie orientale du IXe arrondissement parisien, on per\u00e7oit d\u00e9j\u00e0, depuis la rue, l\u2019ambiance&hellip;\n","protected":false},"author":2,"featured_media":246158,"comment_status":"","ping_status":"","sticky":false,"template":"","format":"standard","meta":{"footnotes":""},"categories":[1888],"tags":[1111,1928,11,1927,1777,674,1011,27,12,1926,626,1925,37764,25],"class_list":{"0":"post-246157","1":"post","2":"type-post","3":"status-publish","4":"format-standard","5":"has-post-thumbnail","7":"category-paris","8":"tag-actu","9":"tag-actu-paris","10":"tag-actualites","11":"tag-actualites-paris","12":"tag-eu","13":"tag-europe","14":"tag-fr","15":"tag-france","16":"tag-news","17":"tag-news-paris","18":"tag-paris","19":"tag-paris-news","20":"tag-rencontres-de-la-photographie-arles","21":"tag-republique-francaise"},"share_on_mastodon":{"url":"https:\/\/pubeurope.com\/@fr\/114843400515024722","error":""},"_links":{"self":[{"href":"https:\/\/www.europesays.com\/fr\/wp-json\/wp\/v2\/posts\/246157","targetHints":{"allow":["GET"]}}],"collection":[{"href":"https:\/\/www.europesays.com\/fr\/wp-json\/wp\/v2\/posts"}],"about":[{"href":"https:\/\/www.europesays.com\/fr\/wp-json\/wp\/v2\/types\/post"}],"author":[{"embeddable":true,"href":"https:\/\/www.europesays.com\/fr\/wp-json\/wp\/v2\/users\/2"}],"replies":[{"embeddable":true,"href":"https:\/\/www.europesays.com\/fr\/wp-json\/wp\/v2\/comments?post=246157"}],"version-history":[{"count":0,"href":"https:\/\/www.europesays.com\/fr\/wp-json\/wp\/v2\/posts\/246157\/revisions"}],"wp:featuredmedia":[{"embeddable":true,"href":"https:\/\/www.europesays.com\/fr\/wp-json\/wp\/v2\/media\/246158"}],"wp:attachment":[{"href":"https:\/\/www.europesays.com\/fr\/wp-json\/wp\/v2\/media?parent=246157"}],"wp:term":[{"taxonomy":"category","embeddable":true,"href":"https:\/\/www.europesays.com\/fr\/wp-json\/wp\/v2\/categories?post=246157"},{"taxonomy":"post_tag","embeddable":true,"href":"https:\/\/www.europesays.com\/fr\/wp-json\/wp\/v2\/tags?post=246157"}],"curies":[{"name":"wp","href":"https:\/\/api.w.org\/{rel}","templated":true}]}}