{"id":246171,"date":"2025-07-13T01:52:14","date_gmt":"2025-07-13T01:52:14","guid":{"rendered":"https:\/\/www.europesays.com\/fr\/246171\/"},"modified":"2025-07-13T01:52:14","modified_gmt":"2025-07-13T01:52:14","slug":"nouvelles-arrestations-de-partisans-du-groupe-interdit-palestine-action-2","status":"publish","type":"post","link":"https:\/\/www.europesays.com\/fr\/246171\/","title":{"rendered":"Nouvelles arrestations de partisans du groupe interdit \u00ab Palestine Action \u00bb"},"content":{"rendered":"<p>Plusieurs dizaines de personnes ont \u00e9t\u00e9 arr\u00eat\u00e9es samedi au <a data-i13n=\"cpos:1;pos:1\" href=\"https:\/\/www.20minutes.fr\/monde\/royaume-uni\/?at_medium=RSS%20feed&amp;at_campaign=ynews&amp;utm_source=yahoo&amp;utm_medium=rss&amp;utm_campaign=news_feed&amp;utm_content=in_article_link\" rel=\"nofollow noopener\" target=\"_blank\" data-ylk=\"slk:Royaume-Uni;cpos:1;pos:1;elm:context_link;itc:0;sec:content-canvas\" class=\"link \">Royaume-Uni<\/a>, dont 41 \u00e0 <a data-i13n=\"cpos:2;pos:1\" href=\"https:\/\/www.20minutes.fr\/dossier\/londres?at_medium=RSS%20feed&amp;at_campaign=ynews&amp;utm_source=yahoo&amp;utm_medium=rss&amp;utm_campaign=news_feed&amp;utm_content=in_article_link\" rel=\"nofollow noopener\" target=\"_blank\" data-ylk=\"slk:Londres;cpos:2;pos:1;elm:context_link;itc:0;sec:content-canvas\" class=\"link \">Londres<\/a>, apr\u00e8s avoir particip\u00e9 \u00e0 des rassemblements de soutien au groupe interdit <a data-i13n=\"cpos:3;pos:1\" href=\"https:\/\/www.20minutes.fr\/monde\/palestine\/?at_medium=RSS%20feed&amp;at_campaign=ynews&amp;utm_source=yahoo&amp;utm_medium=rss&amp;utm_campaign=news_feed&amp;utm_content=in_article_link\" rel=\"nofollow noopener\" target=\"_blank\" data-ylk=\"slk:Palestine;cpos:3;pos:1;elm:context_link;itc:0;sec:content-canvas\" class=\"link \">Palestine <\/a>Action, organis\u00e9s pour la deuxi\u00e8me semaine cons\u00e9cutive, ont annonc\u00e9 la police et les organisateurs des <a data-i13n=\"cpos:4;pos:1\" href=\"https:\/\/www.20minutes.fr\/dossier\/manifestation?at_medium=RSS%20feed&amp;at_campaign=ynews&amp;utm_source=yahoo&amp;utm_medium=rss&amp;utm_campaign=news_feed&amp;utm_content=in_article_link\" rel=\"nofollow noopener\" target=\"_blank\" data-ylk=\"slk:manifestations;cpos:4;pos:1;elm:context_link;itc:0;sec:content-canvas\" class=\"link \">manifestations<\/a>.<\/p>\n<p>Le groupe Defend Our Juries, \u00e0 l\u2019origine des manifestations \u00e0 Londres et dans plusieurs autres villes du pays, a indiqu\u00e9 que 86 personnes ont \u00e9t\u00e9 arr\u00eat\u00e9es dans cinq villes. \u00ab Nous ne nous laisserons pas dissuader de nous opposer au g\u00e9nocide, ni de d\u00e9fendre ceux qui refusent d\u2019\u00eatre des spectateurs \u00bb, a d\u00e9clar\u00e9 le groupe dans un communiqu\u00e9, \u00e9voquant la guerre \u00e0 <a data-i13n=\"cpos:5;pos:1\" href=\"https:\/\/www.20minutes.fr\/monde\/gaza\/?at_medium=RSS%20feed&amp;at_campaign=ynews&amp;utm_source=yahoo&amp;utm_medium=rss&amp;utm_campaign=news_feed&amp;utm_content=in_article_link\" rel=\"nofollow noopener\" target=\"_blank\" data-ylk=\"slk:Gaza;cpos:5;pos:1;elm:context_link;itc:0;sec:content-canvas\" class=\"link \">Gaza<\/a>.<\/p>\n<p>Charges de police<\/p>\n<p>A Londres, les forces de l\u2019ordre ont \u00ab proc\u00e9d\u00e9 \u00e0 41 arrestations pour avoir manifest\u00e9 leur soutien \u00e0 une organisation interdite \u00bb, a d\u00e9clar\u00e9 la police sur X. Des images ont montr\u00e9 la police chargeant sur un petit groupe de manifestants arborant des pancartes soutenant Palestine Action, qui s\u2019\u00e9taient rassembl\u00e9s au pied de la statue du Mahatma Gandhi, devant le Parlement.<\/p>\n<p>\u00ab La police londonienne est intervenue en force aujourd\u2019hui, arr\u00eatant plus de 40 personnes sur la place du Parlement pour avoir brandi des pancartes contre le g\u00e9nocide et soutenu Palestine Action \u00bb, a dit un porte-parole du groupe Defend Our Juries.<\/p>\n<p>Un mouvement class\u00e9 \u00ab terroriste \u00bb<\/p>\n<p>\u00ab Qui la police pense-t-elle servir dans cette affaire ? \u00bb, a-t-il ajout\u00e9, qualifiant l\u2019interdiction qui p\u00e8se sur cette organisation d&rsquo;\u00ab orwellienne \u00bb. Les manifes(&#8230;)<\/p>\n<p><a data-i13n=\"cpos:6;pos:1\" href=\"https:\/\/www.20minutes.fr\/monde\/royaume-uni\/4163420-20250712-royaume-uni-nouvelles-arrestations-partisans-groupe-interdit-palestine-action?at_medium=RSS%20feed&amp;at_campaign=ynews&amp;utm_source=yahoo&amp;utm_medium=rss&amp;utm_campaign=news_feed&amp;utm_content=read_more_link\" rel=\"nofollow noopener\" target=\"_blank\" data-ylk=\"slk:Lire la suite sur 20minutes;cpos:6;pos:1;elm:context_link;itc:0;sec:content-canvas\" class=\"link \">Lire la suite sur 20minutes<\/a><\/p>\n<p>\u00c0 lire aussi :<\/p>\n<p><a data-i13n=\"cpos:7;pos:1\" href=\"https:\/\/www.20minutes.fr\/monde\/4163355-20250712-droit-asile-palestinienne-fils-obtiennent-statut-refugies-france-fait-nationalite?at_medium=RSS%20feed&amp;at_campaign=ynews&amp;utm_source=yahoo&amp;utm_medium=rss&amp;utm_campaign=news_feed&amp;utm_content=related_content_link\" rel=\"nofollow noopener\" target=\"_blank\" data-ylk=\"slk:Droit d\u2019asile : Une Palestinienne et son fils obtiennent le statut de r\u00e9fugi\u00e9s en France du fait de leur \u00ab nationalit\u00e9 \u00bb;cpos:7;pos:1;elm:context_link;itc:0;sec:content-canvas\" class=\"link \">Droit d\u2019asile : Une Palestinienne et son fils obtiennent le statut de r\u00e9fugi\u00e9s en France du fait de leur \u00ab nationalit\u00e9 \u00bb<\/a><br \/><a data-i13n=\"cpos:8;pos:1\" href=\"https:\/\/www.20minutes.fr\/monde\/israel\/4162793-20250709-gaza-rima-hassan-annonce-nouveau-bateau-flottille-liberte-va-partir-quelques-jours?at_medium=RSS%20feed&amp;at_campaign=ynews&amp;utm_source=yahoo&amp;utm_medium=rss&amp;utm_campaign=news_feed&amp;utm_content=related_content_link\" rel=\"nofollow noopener\" target=\"_blank\" data-ylk=\"slk:Gaza : Rima Hassan annonce qu\u2019un nouveau bateau de la \u00ab Flottille de la libert\u00e9 \u00bb va partir \u00ab dans quelques jours \u00bb;cpos:8;pos:1;elm:context_link;itc:0;sec:content-canvas\" class=\"link \">Gaza : Rima Hassan annonce qu\u2019un nouveau bateau de la \u00ab Flottille de la libert\u00e9 \u00bb va partir \u00ab dans quelques jours \u00bb<\/a><\/p>\n","protected":false},"excerpt":{"rendered":"Plusieurs dizaines de personnes ont \u00e9t\u00e9 arr\u00eat\u00e9es samedi au Royaume-Uni, dont 41 \u00e0 Londres, apr\u00e8s avoir particip\u00e9 \u00e0&hellip;\n","protected":false},"author":2,"featured_media":246172,"comment_status":"","ping_status":"","sticky":false,"template":"","format":"standard","meta":{"footnotes":""},"categories":[1588],"tags":[11,1777,674,3160,4534,12,38577,473,1853,1851,1850,1852],"class_list":{"0":"post-246171","1":"post","2":"type-post","3":"status-publish","4":"format-standard","5":"has-post-thumbnail","7":"category-royaume-uni","8":"tag-actualites","9":"tag-eu","10":"tag-europe","11":"tag-forces-de-lordre","12":"tag-londres","13":"tag-news","14":"tag-palestine-action","15":"tag-royaume-uni","16":"tag-royaume-uni-de-grande-bretagne-et-dirlande-du-nord","17":"tag-uk","18":"tag-united-kingdom","19":"tag-united-kingdom-of-great-britain-and-northern-ireland"},"share_on_mastodon":{"url":"https:\/\/pubeurope.com\/@fr\/114843427972220133","error":""},"_links":{"self":[{"href":"https:\/\/www.europesays.com\/fr\/wp-json\/wp\/v2\/posts\/246171","targetHints":{"allow":["GET"]}}],"collection":[{"href":"https:\/\/www.europesays.com\/fr\/wp-json\/wp\/v2\/posts"}],"about":[{"href":"https:\/\/www.europesays.com\/fr\/wp-json\/wp\/v2\/types\/post"}],"author":[{"embeddable":true,"href":"https:\/\/www.europesays.com\/fr\/wp-json\/wp\/v2\/users\/2"}],"replies":[{"embeddable":true,"href":"https:\/\/www.europesays.com\/fr\/wp-json\/wp\/v2\/comments?post=246171"}],"version-history":[{"count":0,"href":"https:\/\/www.europesays.com\/fr\/wp-json\/wp\/v2\/posts\/246171\/revisions"}],"wp:featuredmedia":[{"embeddable":true,"href":"https:\/\/www.europesays.com\/fr\/wp-json\/wp\/v2\/media\/246172"}],"wp:attachment":[{"href":"https:\/\/www.europesays.com\/fr\/wp-json\/wp\/v2\/media?parent=246171"}],"wp:term":[{"taxonomy":"category","embeddable":true,"href":"https:\/\/www.europesays.com\/fr\/wp-json\/wp\/v2\/categories?post=246171"},{"taxonomy":"post_tag","embeddable":true,"href":"https:\/\/www.europesays.com\/fr\/wp-json\/wp\/v2\/tags?post=246171"}],"curies":[{"name":"wp","href":"https:\/\/api.w.org\/{rel}","templated":true}]}}