{"id":246179,"date":"2025-07-13T01:57:16","date_gmt":"2025-07-13T01:57:16","guid":{"rendered":"https:\/\/www.europesays.com\/fr\/246179\/"},"modified":"2025-07-13T01:57:16","modified_gmt":"2025-07-13T01:57:16","slug":"iga-swiatek-remporte-son-premier-wimbledon-en-atomisant-anisimova-6-0-6-0-en-finale","status":"publish","type":"post","link":"https:\/\/www.europesays.com\/fr\/246179\/","title":{"rendered":"Iga Swiatek remporte son premier Wimbledon en atomisant Anisimova 6-0, 6-0, en finale"},"content":{"rendered":"<p>Deux roues de v\u00e9lo, merci, bonsoir. La Polonaise <a href=\"https:\/\/www.20minutes.fr\/sport\/iga-swiatek\/\" target=\"_blank\" class=\"color-ultramarine c-link\" rel=\"nofollow noopener\">Iga Swiatek<\/a> a inflig\u00e9 une rouste historique (6-0, 6-0), in\u00e9dite depuis\u00a01911 en finale de <a href=\"https:\/\/www.20minutes.fr\/sport\/wimbledon\/\" target=\"_blank\" class=\"color-ultramarine c-link\" rel=\"nofollow noopener\">Wimbledon<\/a>, \u00e0 l\u2019Am\u00e9ricaine Amanda Anisimova pour s\u2019offrir \u00e0 24 ans son premier titre sur le gazon londonien et son sixi\u00e8me sacre en Grand Chelem. La quatri\u00e8me joueuse mondiale s\u2019est impos\u00e9e en 57 minutes face \u00e0 la douzi\u00e8me au classement WTA qui disputait \u00e0 Wimbledon sa premi\u00e8re finale en Grand Chelem \u00e0 23 ans. Elle remporte son premier titre depuis son quatri\u00e8me sacre \u00e0 Roland-Garros en juin\u00a02024.<\/p>\n<p>Aucune joueuse n\u2019avait remport\u00e9 Wimbledon sur un double 6-0 depuis la Britannique <a href=\"https:\/\/fr.wikipedia.org\/wiki\/Dorothea_Douglass_Chambers\" rel=\"nofollow noopener\" target=\"_blank\" class=\"color-ultramarine c-link\">Dorothea Douglass Chambers<\/a> en\u00a01911. Premi\u00e8re Polonaise de l\u2019\u00e8re Open (inaugur\u00e9e en\u00a01968) \u00e0 gagner Wimbledon, hommes et femmes confondus, l\u2019ex-num\u00e9ro 1 mondiale est assur\u00e9e de remonter au troisi\u00e8me rang du classement WTA en d\u00e9but de semaine prochaine.<\/p>\n<p class=\"mb-xxl@xs color-ultramarine font-weight-semi-bold@xs font-source-serif-pro heading-s@xs\">L\u2019acc\u00e8s \u00e0 ce contenu a \u00e9t\u00e9 bloqu\u00e9 afin de respecter votre choix de consentement<\/p>\n<p class=\"mb-m@xs text-l@xs\">En cliquant sur\u00ab J\u2019accepte \u00bb, vous acceptez le d\u00e9p\u00f4t de cookies par des services externes et aurez ainsi acc\u00e8s aux contenus de nos partenaires.<\/p>\n<p class=\"mb-xl@xs text-s@xs\">Plus d\u2019informations sur la page<a href=\"https:\/\/www.20minutes.fr\/gestion-cookies\" class=\"mx-xxs@xs color-ultramarine\" rel=\"nofollow noopener\" target=\"_blank\">Politique de gestion des cookies<\/a><\/p>\n<p>J\u2019accepteSeul l\u2019Open d\u2019Australie manque \u00e0 Swiatek<\/p>\n<p>Sur le Central et sous les yeux de la princesse de Galles Kate, la nouvelle reine de Wimbledon affrontait samedi pour la premi\u00e8re fois Anisimova en match officiel. Swiatek succ\u00e8de au palmar\u00e8s du tournoi \u00e0 la Tch\u00e8que Barbora Krejcikova et est la seule joueuse en activit\u00e9 \u00e0 avoir disput\u00e9 des finales de Grand Chelem sur dur, sur terre battue et sur gazon, une surface sur laquelle elle n\u2019avait encore jamais soulev\u00e9 de troph\u00e9e avant samedi.<\/p>\n<\/p>\n<p>Avant de triompher \u00e0 Wimbledon, la native de Varsovie a gagn\u00e9 Roland-Garros en\u00a02020, 2022, 2023 et 2024, et l\u2019US Open en\u00a02022. Le seul Grand Chelem qui manque \u00e0 son palmar\u00e8s est d\u00e9sormais l\u2019Open d\u2019Australie. Anisimova a pour sa part r\u00e9alis\u00e9 \u00e0 23 ans son meilleur parcours en Grand Chelem, \u00e9liminant notamment la num\u00e9ro\u00a01 mondiale Aryna Sabalenka en demi-finales six ans apr\u00e8s avoir atteint le dernier carr\u00e9 de Roland-Garros.<\/p>\n","protected":false},"excerpt":{"rendered":"Deux roues de v\u00e9lo, merci, bonsoir. La Polonaise Iga Swiatek a inflig\u00e9 une rouste historique (6-0, 6-0), in\u00e9dite&hellip;\n","protected":false},"author":2,"featured_media":246180,"comment_status":"","ping_status":"","sticky":false,"template":"","format":"standard","meta":{"footnotes":""},"categories":[2],"tags":[11,1011,27,25011,2200,12,25,517,1467,4173],"class_list":{"0":"post-246179","1":"post","2":"type-post","3":"status-publish","4":"format-standard","5":"has-post-thumbnail","7":"category-actualites","8":"tag-actualites","9":"tag-fr","10":"tag-france","11":"tag-grand-chelem","12":"tag-iga-swiatek","13":"tag-news","14":"tag-republique-francaise","15":"tag-sport","16":"tag-tennis","17":"tag-wimbledon"},"share_on_mastodon":{"url":"https:\/\/pubeurope.com\/@fr\/114843447713163776","error":""},"_links":{"self":[{"href":"https:\/\/www.europesays.com\/fr\/wp-json\/wp\/v2\/posts\/246179","targetHints":{"allow":["GET"]}}],"collection":[{"href":"https:\/\/www.europesays.com\/fr\/wp-json\/wp\/v2\/posts"}],"about":[{"href":"https:\/\/www.europesays.com\/fr\/wp-json\/wp\/v2\/types\/post"}],"author":[{"embeddable":true,"href":"https:\/\/www.europesays.com\/fr\/wp-json\/wp\/v2\/users\/2"}],"replies":[{"embeddable":true,"href":"https:\/\/www.europesays.com\/fr\/wp-json\/wp\/v2\/comments?post=246179"}],"version-history":[{"count":0,"href":"https:\/\/www.europesays.com\/fr\/wp-json\/wp\/v2\/posts\/246179\/revisions"}],"wp:featuredmedia":[{"embeddable":true,"href":"https:\/\/www.europesays.com\/fr\/wp-json\/wp\/v2\/media\/246180"}],"wp:attachment":[{"href":"https:\/\/www.europesays.com\/fr\/wp-json\/wp\/v2\/media?parent=246179"}],"wp:term":[{"taxonomy":"category","embeddable":true,"href":"https:\/\/www.europesays.com\/fr\/wp-json\/wp\/v2\/categories?post=246179"},{"taxonomy":"post_tag","embeddable":true,"href":"https:\/\/www.europesays.com\/fr\/wp-json\/wp\/v2\/tags?post=246179"}],"curies":[{"name":"wp","href":"https:\/\/api.w.org\/{rel}","templated":true}]}}