{"id":246185,"date":"2025-07-13T02:01:29","date_gmt":"2025-07-13T02:01:29","guid":{"rendered":"https:\/\/www.europesays.com\/fr\/246185\/"},"modified":"2025-07-13T02:01:29","modified_gmt":"2025-07-13T02:01:29","slug":"le-meilleur-pousseur-de-melee-du-monde-est-au-stade-toulousain-selon-faumuina","status":"publish","type":"post","link":"https:\/\/www.europesays.com\/fr\/246185\/","title":{"rendered":"Le \u2018\u2018meilleur pousseur de m\u00eal\u00e9e\u2019\u2019 du monde est au Stade Toulousain selon Faumuina"},"content":{"rendered":"<p>Selon un All Black aux 50 s\u00e9lections avec les <a href=\"https:\/\/www.lerugbynistere.fr\/equipes-nationales\/all-blacks.php\" ui-sref=\"app.team({teamId: 24})\" alt=\"All Blacks\" data-route=\"app.team\" data-param=\"teamId\" data-id=\"24\" rel=\"nofollow noopener\" target=\"_blank\">All Blacks<\/a>, le <a href=\"https:\/\/www.lerugbynistere.fr\/championnats\/top-14\" ui-sref=\"app.competition({competitionId: 1})\" alt=\"Top 14\" data-route=\"app.competition\" data-param=\"competitionId\" data-id=\"1\" rel=\"nofollow noopener\" target=\"_blank\">Top 14<\/a> aurait le \u201cmeilleur pousseur de m\u00eal\u00e9e\u201d qu\u2019il n\u2019ait jamais vu de sa carri\u00e8re. En effet, <a href=\"https:\/\/www.lerugbynistere.fr\/fiches-joueurs\/charlie-faumuina.php\" ui-sref=\"app.player({playerId: 4644})\" alt=\"Charlie Faumuina\" data-route=\"app.player\" data-param=\"playerId\" data-id=\"4644\" rel=\"nofollow noopener\" target=\"_blank\">Charlie Faumuina<\/a> a r\u00e9cemment accord\u00e9 une interview au <a href=\"https:\/\/www.rugbyrama.fr\/2025\/07\/10\/reportage-a-toulouse-jai-vecu-des-trucs-de-dingue-on-a-retrouve-faumuina-en-nouvelle-zelande-12817951.php\" rel=\"nofollow noopener\" target=\"_blank\">Midi Olympique<\/a>, publi\u00e9e le 10 juillet dernier, o\u00f9 il loue les qualit\u00e9s d\u2019un joueur du <a href=\"https:\/\/www.lerugbynistere.fr\/clubs\/le-stade-toulousain.php\" ui-sref=\"app.team({teamId: 34})\" alt=\"Stade Toulousain\" data-route=\"app.team\" data-param=\"teamId\" data-id=\"34\" rel=\"nofollow noopener\" target=\"_blank\">Stade Toulousain<\/a>. Form\u00e9 chez les Rouge et Noir, <strong><a href=\"https:\/\/www.lerugbynistere.fr\/fiches-joueurs\/dorian-aldegheri.php\" ui-sref=\"app.player({playerId: 817})\" alt=\"Dorian Aldegheri\" data-route=\"app.player\" data-param=\"playerId\" data-id=\"817\" rel=\"nofollow noopener\" target=\"_blank\">Dorian Aldegheri<\/a> profite des bonnes gr\u00e2ces de son ancien co\u00e9quipier.<\/strong><\/p>\n<p><strong><a class=\"inserer_lien_article\" href=\"https:\/\/www.lerugbynistere.fr\/news\/appele-avec-le-xv-de-france-ce-colosse-193-m-pour-142-kg-vient-au-stade-toulousain-pour-faire-taire-les-gens-1107251134.php\" data-id=\"45531\" data-route=\"app.article\" data-param=\"articleId\" ui-sref=\"app.article({articleId: 45531})\" alt=\"Appel\u00e9 avec le XV de France, ce colosse (1,93 m-142 kg) du Stade Toulousain veut \u2018\u2018faire taire les gens\u2019\u2019\" title=\"Appel\u00e9 avec le XV de France, ce colosse (1,93 m-142 kg) du Stade Toulousain veut \u2018\u2018faire taire les gens\u2019\u2019\" rel=\"nofollow noopener\" target=\"_blank\"><img decoding=\"async\" src=\"https:\/\/www.europesays.com\/fr\/wp-content\/uploads\/2025\/07\/george-henri-colombe-11-07-25-929.jpg\" alt=\"Appel\u00e9 avec le XV de France, ce colosse (1,93 m-142 kg) du Stade Toulousain veut \u2018\u2018faire taire les gens\u2019\u2019\"\/>Appel\u00e9 avec le XV de France, ce colosse (1,93 m-142 kg) du Stade Toulousain veut \u2018\u2018faire taire les gens\u2019\u2019<\/a><\/strong><\/p>\n<p>\u00c7a pousse au Stade Toulousain<\/p>\n<p>Revenu vivre en Nouvelle-Z\u00e9lande, le pilier droit a vant\u00e9 les qualit\u00e9s de son ancien co\u00e9quipier. <strong>Charlie Faumuina indiquait qu\u2019il avait r\u00e9cemment affront\u00e9 le pilier des Baby Blacks <a href=\"https:\/\/www.lerugbynistere.fr\/fiches-joueurs\/sika-pole.php\" ui-sref=\"app.player({playerId: 17862})\" alt=\"Sika Pole\" data-route=\"app.player\" data-param=\"playerId\" data-id=\"17862\" rel=\"nofollow noopener\" target=\"_blank\">Sika Pole<\/a><\/strong>, actuellement \u00e0 la <a href=\"https:\/\/www.lerugbynistere.fr\/international\/coupe-du-monde-rugby\/\" ui-sref=\"app.competition({competitionId: 9})\" alt=\"Coupe du monde\" data-route=\"app.competition\" data-param=\"competitionId\" data-id=\"9\" rel=\"nofollow noopener\" target=\"_blank\">Coupe du monde<\/a> U20. \u201cIl a pass\u00e9 un mauvais moment, je crois. Mais c\u2019est normal, il est encore tr\u00e8s jeune et n\u2019a pas eu, comme moi, la chance d\u2019avoir un professeur nomm\u00e9 Dorian Aldegheri\u201d, a ensuite confi\u00e9 le Samoan d\u2019origine.<\/p>\n<p>Cependant, ce qui pouvait passer pour un trait d\u2019humour envers un ancien co\u00e9quipier <strong>serait on ne peut plus s\u00e9rieux.<\/strong> Relanc\u00e9 par le journaliste au sujet de Dorian Aldegheri, Charlie Faumuina affirme les propos suivants : \u201cIl est le meilleur pousseur de m\u00eal\u00e9e qu\u2019il m\u2019ait \u00e9t\u00e9 donn\u00e9 de croiser dans ma carri\u00e8re.\u201d Des compliments particuli\u00e8rement appr\u00e9ciables, \u00e0 la vue de la carri\u00e8re de celui qui les prononce.<\/p>\n<p><a class=\"inserer_lien_article\" href=\"https:\/\/www.lerugbynistere.fr\/news\/transfert-120-kilos-24-ans-jiff-un-pilier-georgien-dans-le-viseur-de-toulon-pour-caler-sa-melee-2806251045.php\" data-id=\"45410\" data-route=\"app.article\" data-param=\"articleId\" ui-sref=\"app.article({articleId: 45410})\" alt=\"TRANSFERT. 120 kilos, 24 ans, JIFF : un pilier g\u00e9orgien dans le viseur de Toulon pour caler sa m\u00eal\u00e9e\" title=\"TRANSFERT. 120 kilos, 24 ans, JIFF : un pilier g\u00e9orgien dans le viseur de Toulon pour caler sa m\u00eal\u00e9e\" rel=\"nofollow noopener\" target=\"_blank\"><img decoding=\"async\" src=\"https:\/\/www.europesays.com\/fr\/wp-content\/uploads\/2025\/07\/120-kilos-24-ans-jiff-un-pilier-georgien-dans-le-viseur-de-toulon-pour-caler-sa-melee-28-06-25-5602..jpeg\" alt=\"TRANSFERT. 120 kilos, 24 ans, JIFF : un pilier g\u00e9orgien dans le viseur de Toulon pour caler sa m\u00eal\u00e9e\"\/>TRANSFERT. 120 kilos, 24 ans, JIFF : un pilier g\u00e9orgien dans le viseur de Toulon pour caler sa m\u00eal\u00e9e<\/a><\/p>\n<p>Tout au long de sa carri\u00e8re, l\u2019ancien All Black a crois\u00e9 des s\u00e9rieux clients. En s\u00e9lection,<strong> il a eu l\u2019occasion de s\u2019entra\u00eener avec des pointures, telles que son compatriote <a href=\"https:\/\/www.lerugbynistere.fr\/fiches-joueurs\/owen-franks.php\" ui-sref=\"app.player({playerId: 4645})\" alt=\"Owen Franks\" data-route=\"app.player\" data-param=\"playerId\" data-id=\"4645\" rel=\"nofollow noopener\" target=\"_blank\">Owen Franks<\/a> (108 caps).<\/strong> Face \u00e0 lui, il a aussi pu affronter des monstres de talents en m\u00eal\u00e9e tels que <a href=\"https:\/\/www.lerugbynistere.fr\/fiches-joueurs\/james-slipper.php\" ui-sref=\"app.player({playerId: 4577})\" alt=\"James Slipper\" data-route=\"app.player\" data-param=\"playerId\" data-id=\"4577\" rel=\"nofollow noopener\" target=\"_blank\">James Slipper<\/a> (143 caps) ou l&rsquo;inamovible Tendai \u00ab\u00a0The Beast\u00a0\u00bb Mtawarira (117 caps). Pourtant, c\u2019est bien le pilier haut-garonnais qui rafle la mise.<\/p>\n<p>Toujours aupr\u00e8s du <a href=\"https:\/\/www.rugbyrama.fr\/2025\/07\/10\/reportage-a-toulouse-jai-vecu-des-trucs-de-dingue-on-a-retrouve-faumuina-en-nouvelle-zelande-12817951.php\" rel=\"nofollow noopener\" target=\"_blank\">Midi Olympique<\/a>, Charlie Faumuina a expliqu\u00e9<strong> pourquoi il avan\u00e7ait ceci au sujet de Dorian Aldegheri.<\/strong> \u201cJe n\u2019ai jamais su comment \u2018Doudou\u2019 faisait. Il n\u2019\u00e9tait ni tr\u00e8s lourd ni tr\u00e8s costaud, mais parvenait toujours \u00e0 passer sous son pilier gauche. \u00c7a se terminait irr\u00e9m\u00e9diablement par une p\u00e9nalit\u00e9 contre l\u2019\u00e9quipe adverse\u201d, assure le droitier qui a disput\u00e9 la derni\u00e8re Coupe du monde avec les Samoa.<\/p>\n<p><a class=\"inserer_lien_article\" href=\"https:\/\/www.lerugbynistere.fr\/news\/rugby-top-14-pour-jouer-dorian-aldegheri-a-menti-au-stade-toulousain-1710211247.php\" data-id=\"32162\" data-route=\"app.article\" data-param=\"articleId\" ui-sref=\"app.article({articleId: 32162})\" alt=\"RUGBY. TOP 14. Pour jouer, Dorian Aldegheri a menti au Stade Toulousain\" title=\"RUGBY. TOP 14. Pour jouer, Dorian Aldegheri a menti au Stade Toulousain\" rel=\"nofollow noopener\" target=\"_blank\"><img decoding=\"async\" src=\"https:\/\/www.europesays.com\/fr\/wp-content\/uploads\/2025\/07\/dorian-17-10-21-5600.jpg\" alt=\"RUGBY. TOP 14. Pour jouer, Dorian Aldegheri a menti au Stade Toulousain\"\/>RUGBY. TOP 14. Pour jouer, Dorian Aldegheri a menti au Stade Toulousain<\/a><\/p>\n<p>Irr\u00e9sistible \u201cDoudou\u201d<\/p>\n<p>En d\u00e9cembre dernier, lors d\u2019une conf\u00e9rence de presse, <strong>Ugo Mola avait aussi d\u00e9fendu Dorian Aldegheri<\/strong>, parfois critiqu\u00e9, comme apr\u00e8s son entr\u00e9e difficile avec le XV de France face \u00e0 l\u2019Afrique du Sud en Coupe du monde, en 2023. \u201cBeaucoup ont \u00e9t\u00e9 tr\u00e8s durs avec lui\u201d, regrettait-il. Le coach du Stade Toulousain saluait ses progr\u00e8s physiques et sa lucidit\u00e9, gages de performances plus stables ces derni\u00e8res saisons.<\/p>\n<p>Le manager toulousain soulignait aussi l\u2019importance symbolique de sa premi\u00e8re ligne, <strong>compos\u00e9e de joueurs form\u00e9s au club : Marchand, Baille et Aldegheri.<\/strong> \u201cIls se connaissent par c\u0153ur\u201d, rappelait-il. Ugo Mola insistait sur le caract\u00e8re collectif des phases de conqu\u00eate comme la m\u00eal\u00e9e, trop souvent jug\u00e9es individuellement. Aldegheri, souvent convoqu\u00e9 par Fabien Galthi\u00e9, esp\u00e8re, de son c\u00f4t\u00e9, poursuivre son aventure avec les Bleus.<\/p>\n<p><a class=\"inserer_lien_article\" href=\"https:\/\/www.lerugbynistere.fr\/news\/ils-sont-tres-durs-avec-lui-ce-cadre-du-stade-toulousain-sous-le-feu-des-critiques-est-soutenu-par-mola-1512241020.php\" data-id=\"43473\" data-route=\"app.article\" data-param=\"articleId\" ui-sref=\"app.article({articleId: 43473})\" alt=\"\u2018\u2018Ils sont tr\u00e8s durs avec lui\u2019\u2019, ce cadre du Stade Toulousain sous le feu des critiques est soutenu par Mola\" title=\"\u2018\u2018Ils sont tr\u00e8s durs avec lui\u2019\u2019, ce cadre du Stade Toulousain sous le feu des critiques est soutenu par Mola\" rel=\"nofollow noopener\" target=\"_blank\"><img decoding=\"async\" src=\"https:\/\/www.europesays.com\/fr\/wp-content\/uploads\/2025\/07\/st-15-12-24-8391.jpg\" alt=\"\u2018\u2018Ils sont tr\u00e8s durs avec lui\u2019\u2019, ce cadre du Stade Toulousain sous le feu des critiques est soutenu par Mola\"\/>\u2018\u2018Ils sont tr\u00e8s durs avec lui\u2019\u2019, ce cadre du Stade Toulousain sous le feu des critiques est soutenu par Mola<\/a><\/p>\n","protected":false},"excerpt":{"rendered":"Selon un All Black aux 50 s\u00e9lections avec les All Blacks, le Top 14 aurait le \u201cmeilleur pousseur&hellip;\n","protected":false},"author":2,"featured_media":246186,"comment_status":"","ping_status":"","sticky":false,"template":"","format":"standard","meta":{"footnotes":""},"categories":[1416],"tags":[1011,27,479,1468,60],"class_list":{"0":"post-246185","1":"post","2":"type-post","3":"status-publish","4":"format-standard","5":"has-post-thumbnail","7":"category-rugby","8":"tag-fr","9":"tag-france","10":"tag-rugby","11":"tag-rugby-football","12":"tag-sports"},"share_on_mastodon":{"url":"https:\/\/pubeurope.com\/@fr\/114843463560753603","error":""},"_links":{"self":[{"href":"https:\/\/www.europesays.com\/fr\/wp-json\/wp\/v2\/posts\/246185","targetHints":{"allow":["GET"]}}],"collection":[{"href":"https:\/\/www.europesays.com\/fr\/wp-json\/wp\/v2\/posts"}],"about":[{"href":"https:\/\/www.europesays.com\/fr\/wp-json\/wp\/v2\/types\/post"}],"author":[{"embeddable":true,"href":"https:\/\/www.europesays.com\/fr\/wp-json\/wp\/v2\/users\/2"}],"replies":[{"embeddable":true,"href":"https:\/\/www.europesays.com\/fr\/wp-json\/wp\/v2\/comments?post=246185"}],"version-history":[{"count":0,"href":"https:\/\/www.europesays.com\/fr\/wp-json\/wp\/v2\/posts\/246185\/revisions"}],"wp:featuredmedia":[{"embeddable":true,"href":"https:\/\/www.europesays.com\/fr\/wp-json\/wp\/v2\/media\/246186"}],"wp:attachment":[{"href":"https:\/\/www.europesays.com\/fr\/wp-json\/wp\/v2\/media?parent=246185"}],"wp:term":[{"taxonomy":"category","embeddable":true,"href":"https:\/\/www.europesays.com\/fr\/wp-json\/wp\/v2\/categories?post=246185"},{"taxonomy":"post_tag","embeddable":true,"href":"https:\/\/www.europesays.com\/fr\/wp-json\/wp\/v2\/tags?post=246185"}],"curies":[{"name":"wp","href":"https:\/\/api.w.org\/{rel}","templated":true}]}}