{"id":246187,"date":"2025-07-13T02:02:10","date_gmt":"2025-07-13T02:02:10","guid":{"rendered":"https:\/\/www.europesays.com\/fr\/246187\/"},"modified":"2025-07-13T02:02:10","modified_gmt":"2025-07-13T02:02:10","slug":"quand-carlos-alcaraz-battait-jannik-sinner-pour-son-tout-premier-match-en-challenger-a-seulement-15-ans","status":"publish","type":"post","link":"https:\/\/www.europesays.com\/fr\/246187\/","title":{"rendered":"Quand Carlos Alcaraz battait Jannik Sinner pour son tout premier match en Challenger \u00e0 seulement 15\u00a0ans"},"content":{"rendered":"\n<p>Quand Carlos Alcaraz battait Jannik Sinner pour son tout premier match en Challenger \u00e0 seulement 15\u00a0ans<\/p>\n<p>Le 2\u00a0avril 2019, Carlos Alcaraz, 15\u00a0ans, et Jannik Sinner, 17\u00a0ans, se d\u00e9couvraient au premier tour du Challenger de Villena, en Espagne. Un match anonyme entre deux ados, loin d&rsquo;annoncer la finale de Wimbledon qui les r\u00e9unit ce dimanche. Plusieurs t\u00e9moins pr\u00e9sents en tribunes racontent cette rencontre.<\/p>\n","protected":false},"excerpt":{"rendered":"Quand Carlos Alcaraz battait Jannik Sinner pour son tout premier match en Challenger \u00e0 seulement 15\u00a0ans Le 2\u00a0avril&hellip;\n","protected":false},"author":2,"featured_media":246188,"comment_status":"","ping_status":"","sticky":false,"template":"","format":"standard","meta":{"footnotes":""},"categories":[1415],"tags":[1011,27,60,1467],"class_list":{"0":"post-246187","1":"post","2":"type-post","3":"status-publish","4":"format-standard","5":"has-post-thumbnail","7":"category-tennis","8":"tag-fr","9":"tag-france","10":"tag-sports","11":"tag-tennis"},"share_on_mastodon":{"url":"https:\/\/pubeurope.com\/@fr\/114843467278975021","error":""},"_links":{"self":[{"href":"https:\/\/www.europesays.com\/fr\/wp-json\/wp\/v2\/posts\/246187","targetHints":{"allow":["GET"]}}],"collection":[{"href":"https:\/\/www.europesays.com\/fr\/wp-json\/wp\/v2\/posts"}],"about":[{"href":"https:\/\/www.europesays.com\/fr\/wp-json\/wp\/v2\/types\/post"}],"author":[{"embeddable":true,"href":"https:\/\/www.europesays.com\/fr\/wp-json\/wp\/v2\/users\/2"}],"replies":[{"embeddable":true,"href":"https:\/\/www.europesays.com\/fr\/wp-json\/wp\/v2\/comments?post=246187"}],"version-history":[{"count":0,"href":"https:\/\/www.europesays.com\/fr\/wp-json\/wp\/v2\/posts\/246187\/revisions"}],"wp:featuredmedia":[{"embeddable":true,"href":"https:\/\/www.europesays.com\/fr\/wp-json\/wp\/v2\/media\/246188"}],"wp:attachment":[{"href":"https:\/\/www.europesays.com\/fr\/wp-json\/wp\/v2\/media?parent=246187"}],"wp:term":[{"taxonomy":"category","embeddable":true,"href":"https:\/\/www.europesays.com\/fr\/wp-json\/wp\/v2\/categories?post=246187"},{"taxonomy":"post_tag","embeddable":true,"href":"https:\/\/www.europesays.com\/fr\/wp-json\/wp\/v2\/tags?post=246187"}],"curies":[{"name":"wp","href":"https:\/\/api.w.org\/{rel}","templated":true}]}}