{"id":246189,"date":"2025-07-13T02:04:11","date_gmt":"2025-07-13T02:04:11","guid":{"rendered":"https:\/\/www.europesays.com\/fr\/246189\/"},"modified":"2025-07-13T02:04:11","modified_gmt":"2025-07-13T02:04:11","slug":"q2-sous-le-deluge-m-marquez-soffre-la-pole-devant-zarco","status":"publish","type":"post","link":"https:\/\/www.europesays.com\/fr\/246189\/","title":{"rendered":"Q2\u00a0: sous le deluge, M.M\u00e1rquez s&rsquo;offre la pole devant Zarco"},"content":{"rendered":"<p>                Zarco en feu sous la pluie<\/p>\n<p lang=\"es-ES\">Les acteurs de la cat\u00e9gorie MotoGP\u2122 \u00e9taient en piste ce samedi matin au Sachsenring pour disputer les qualifications du Grand Prix Liqui Moly d&rsquo;Allemagne. Sous une pluie battante, Marc M\u00e1rquez (Ducati Lenovo Team) a su tirer son \u00e9pingle du jeu et signe sa septi\u00e8me pole de la saison gr\u00e2ce \u00e0 un tour en <strong>1&rsquo;27.811<\/strong>. Le sextuple Champion du Monde MotoGP\u2122 devance Johann Zarco (LCR Honda), toujours tr\u00e8s \u00e0 l&rsquo;aise dans ces conditions et pass\u00e9 par une Q1 qui faisait office d&rsquo;avantage aujourd&rsquo;hui. Le Fran\u00e7ais n&rsquo;est pas loin du meilleur temps mais sera pleinement satisfait de cette deuxi\u00e8me place devant Marco Bezzecchi (Aprilia Racing), qui place une nouvelle fois son Aprilia aux avant-postes. Deuxi\u00e8me \u00e0 Assen il y a deux semaines, l&rsquo;Italien est un des favoris du week-end.<\/p>\n<p>Quartararo septi\u00e8me<\/p>\n<p lang=\"es-ES\">Discret en d\u00e9but de s\u00e9ance, Franco Morbidelli (Pertamina Enduro VR46 Racing Team) est all\u00e9 chercher le quatri\u00e8me chrono dans les derni\u00e8res minutes. Trop \u00e0 l&rsquo;attaque dans son ultime tentative, le n\u00b021 est parti \u00e0 la faute mais s&rsquo;offre tout de m\u00eame un excellent r\u00e9sultat devant Pedro Acosta (Red Bull KTM Factory Racing), cinqui\u00e8me ce matin. Malgr\u00e9 la douleur, Alex M\u00e1rquez (BK8 Gresini Racing MotoGP\u2122) s&rsquo;\u00e9lancera depuis la sixi\u00e8me place lors des deux affrontements du week-end juste devant Fabio Quartararo (Monster Energy Yamaha MotoGP\u2122), frustr\u00e9 par les performances de sa M1 dans ces conditions. Recordman du circuit depuis hier apr\u00e8s-midi, Fabio Di Giannantonio (Pertamina Enduro VR46 Racing Team) a connu davantage de difficult\u00e9s ce matin et doit se contenter de la huiti\u00e8me position.<\/p>\n<p>Bagnaia n&rsquo;y arrive pas<\/p>\n<p lang=\"es-ES\">De son c\u00f4t\u00e9, Jack Miller (Prima Pramac Yamaha) est parti \u00e0 la faute en tout d\u00e9but de session et s&rsquo;est relanc\u00e9 \u00e0 quelques instants du drapeau \u00e0 damier pour prendre le neuvi\u00e8me temps. Brad Binder (Red Bull KTM Factory Racing) est 10e devant Francesco Bagnaia (Ducati Lenovo Team), en perdition dans ces conditions. Habituellement \u00e0 l&rsquo;aise sous la pluie, l&rsquo;Italien est rel\u00e9gu\u00e9 \u00e0 presque deux secondes de son co\u00e9quipier et se montrait r\u00e9sign\u00e9 au terme de la s\u00e9ance. Impressionnant en Q1, Maverick Vi\u00f1ales (Red Bull KTM Tech3) est parti \u00e0 la faute dans son tour de sortie et n&rsquo;a jamais repris la piste. Le Catalan repart d\u00e9\u00e7u de ces qualifications avec une 12e place tout comme Ferm\u00edn Aldeguer (BK8 Gresini Racing MotoGP\u2122), seulement 14e.<\/p>\n<p lang=\"es-ES\">Le d\u00e9part de la Tissot Sprint MotoGP\u2122 sera donn\u00e9 \u00e0 15h00 au Sachsenring.<\/p>\n<p lang=\"es-ES\">Cliquez <a href=\"https:\/\/www.motogp.com\/fr\/gp-results\/2025\/ger\/motogp\/q2\/classification\" rel=\"nofollow noopener\" target=\"_blank\">ici<\/a> pour acc\u00e9der aux r\u00e9sultats.<\/p>\n","protected":false},"excerpt":{"rendered":"Zarco en feu sous la pluie Les acteurs de la cat\u00e9gorie MotoGP\u2122 \u00e9taient en piste ce samedi matin&hellip;\n","protected":false},"author":2,"featured_media":246190,"comment_status":"","ping_status":"","sticky":false,"template":"","format":"standard","meta":{"footnotes":""},"categories":[1413],"tags":[1011,27,1457,1456,60,2032],"class_list":{"0":"post-246189","1":"post","2":"type-post","3":"status-publish","4":"format-standard","5":"has-post-thumbnail","7":"category-moto","8":"tag-fr","9":"tag-france","10":"tag-moto","11":"tag-motocycle","12":"tag-sports","13":"tag-text"},"share_on_mastodon":{"url":"https:\/\/pubeurope.com\/@fr\/114843475218570347","error":""},"_links":{"self":[{"href":"https:\/\/www.europesays.com\/fr\/wp-json\/wp\/v2\/posts\/246189","targetHints":{"allow":["GET"]}}],"collection":[{"href":"https:\/\/www.europesays.com\/fr\/wp-json\/wp\/v2\/posts"}],"about":[{"href":"https:\/\/www.europesays.com\/fr\/wp-json\/wp\/v2\/types\/post"}],"author":[{"embeddable":true,"href":"https:\/\/www.europesays.com\/fr\/wp-json\/wp\/v2\/users\/2"}],"replies":[{"embeddable":true,"href":"https:\/\/www.europesays.com\/fr\/wp-json\/wp\/v2\/comments?post=246189"}],"version-history":[{"count":0,"href":"https:\/\/www.europesays.com\/fr\/wp-json\/wp\/v2\/posts\/246189\/revisions"}],"wp:featuredmedia":[{"embeddable":true,"href":"https:\/\/www.europesays.com\/fr\/wp-json\/wp\/v2\/media\/246190"}],"wp:attachment":[{"href":"https:\/\/www.europesays.com\/fr\/wp-json\/wp\/v2\/media?parent=246189"}],"wp:term":[{"taxonomy":"category","embeddable":true,"href":"https:\/\/www.europesays.com\/fr\/wp-json\/wp\/v2\/categories?post=246189"},{"taxonomy":"post_tag","embeddable":true,"href":"https:\/\/www.europesays.com\/fr\/wp-json\/wp\/v2\/tags?post=246189"}],"curies":[{"name":"wp","href":"https:\/\/api.w.org\/{rel}","templated":true}]}}