{"id":246197,"date":"2025-07-13T02:08:19","date_gmt":"2025-07-13T02:08:19","guid":{"rendered":"https:\/\/www.europesays.com\/fr\/246197\/"},"modified":"2025-07-13T02:08:19","modified_gmt":"2025-07-13T02:08:19","slug":"fidji-ruiz-donne-des-nouvelles-de-son-mari-anas-apres-leur-tragique-accident-et-revele-ce-quil-sest-vraiment-passe","status":"publish","type":"post","link":"https:\/\/www.europesays.com\/fr\/246197\/","title":{"rendered":"Fidji Ruiz donne des nouvelles de son mari Anas apr\u00e8s leur tragique accident et r\u00e9v\u00e8le ce qu\u2019il s\u2019est vraiment pass\u00e9"},"content":{"rendered":"<p>Apr\u00e8s le grave accident de voiture dont ils ont \u00e9t\u00e9 victimes, l&rsquo;ancienne candidate de t\u00e9l\u00e9-r\u00e9alit\u00e9 Fidji Ruiz et son mari, le rappeur Anas, ont \u00e9t\u00e9 hospitalis\u00e9s \u00e0 Marrakech. En story Instagram, la jeune femme a donn\u00e9 des nouvelles de son compagnon qui a \u00e9t\u00e9 op\u00e9r\u00e9 en urgence et a tenu \u00e0 tordre le cou \u00e0 certaines rumeurs.<\/p>\n<p>\u00ab\u00a0Merci du fond du coeur pour tous vos messages, vos pri\u00e8res et tout le soutien que vous nous apportez&#8230; Je n&rsquo;ai pas encore la force de tout lire, mais je le ferai d\u00e8s qu&rsquo;on sortira de cette \u00e9preuve.\u00a0\u00bb Au lendemain de<a href=\"https:\/\/www.programme-tv.net\/news\/tele-realite\/383238-fidji-ruiz-et-son-mari-hospitalises-apres-un-grave-accident-de-la-route-anas-va-etre-opere-en-urgence\/\" data-api-deeplink=\"teleloisirs:\/\/news\/383238\" target=\"_blank\" rel=\"noopener\"> l&rsquo;annonce de son accident de la route survenu \u00e0 Marrakech avec son mari Anas<\/a>, Fidji Ruiz a donn\u00e9 de ses nouvelles.<b> \u00ab\u00a0L&rsquo;op\u00e9ration a \u00e9t\u00e9 extr\u00eamement lourde, mais (&#8230;) elle s&rsquo;est bien pass\u00e9e\u00a0\u00bb<\/b>, a assur\u00e9 <a href=\"https:\/\/www.programme-tv.net\/news\/tele-realite\/220316-fidji-les-princes-et-les-princesses-de-lamour-ses-confidences-sur-les-revenus-des-candidats-de-tele-realite-video\/\" data-api-deeplink=\"teleloisirs:\/\/news\/220316\" target=\"_blank\" rel=\"noopener\">l&rsquo;ancienne candidate de t\u00e9l\u00e9-r\u00e9alit\u00e9<\/a> r\u00e9v\u00e9l\u00e9e dans Friends Trip sur NRJ 12 en story Instagram ce samedi 12 juillet. \u00ab\u00a0Les premi\u00e8res 72 heures vont \u00eatre les plus longues et les plus angoissantes de ma vie&#8230;\u00a0\u00bb, a-t-elle indiqu\u00e9. \u00ab\u00a0<b>Mon mari est en service de r\u00e9animation<\/b>, parce que c&rsquo;est l\u00e0 qu&rsquo;il peut \u00eatre r\u00e9veill\u00e9 minute par minute. Il est conscient, mais sous surveillance maximale\u00a0\u00bb, a \u00e9crit sur le r\u00e9seau social celle qui a particip\u00e9 \u00e0 deux reprises \u00e0 La Villa des coeurs bris\u00e9s. \u00ab\u00a0Je vous en supplie, continuez de prier pour lui, pour nous&#8230; On a tellement besoin (&#8230;) de votre soutien\u00a0\u00bb, a-t-elle conclu.<\/p>\n<p>                        La mise au point de Fidji Ruiz apr\u00e8s les rumeurs qui ont suivi son accident de voiture avec son mari Anas<\/p>\n<p>Mais ce n&rsquo;est pas tout, car deux heures plus tard, agac\u00e9e des rumeurs, Fidji Ruiz a mis en ligne une nouvelle story destin\u00e9e \u00e0 mettre les choses au clair. \u00ab\u00a0Je vois passer beaucoup de choses sur les r\u00e9seaux&#8230; et je ressens le besoin de clarifier certaines choses\u00a0\u00bb, a-t-elle indiqu\u00e9. \u00ab\u00a0<b>Ni mon mari ni moi n&rsquo;\u00e9tions au volant <\/b>ce jour-l\u00e0\u00a0\u00bb, a assur\u00e9 celle qui explique avoir eu recours \u00e0 \u00ab\u00a0un chauffeur priv\u00e9\u00a0\u00bb. \u00ab\u00a0<b>Notre v\u00e9hicule n&rsquo;est pas en tort<\/b> dans cet accident. Et surtout&#8230; <b>Notre fils n&rsquo;\u00e9tait pas avec nous<\/b> dans la voiture. Rien que d&rsquo;y penser j&rsquo;en tremble encore\u00a0\u00bb, a tenu \u00e0 rassurer la maman de Souleymen,<a href=\"https:\/\/www.programme-tv.net\/news\/tele-realite\/349032-fidji-ruiz-annonce-la-naissance-de-son-premier-enfant-avec-son-mari-anas-et-devoile-le-prenom-de-son-petit-prince\/\" data-api-deeplink=\"teleloisirs:\/\/news\/349032\" target=\"_blank\" rel=\"noopener\"> leur petit gar\u00e7on dont ils avaient annonc\u00e9 la naissance en mars 2024<\/a>. Fidji Ruiz assure qu&rsquo;il s&rsquo;agit de ses \u00ab\u00a0derniers mots pour l&rsquo;instant\u00a0\u00bb au sujet de l&rsquo;accident et qu&rsquo;elle donnera des nouvelles \u00ab\u00a0quand la situation ira mieux\u00a0\u00bb.<\/p>\n<p>            Fidji Ruiz, une m\u00e8re de famille avant tout<\/p>\n<p>Avant de se mettre en couple avec le p\u00e8re de son fils, Fidji Ruiz a \u00e9t\u00e9 la compagne de deux autres hommes bien connus des t\u00e9l\u00e9spectateurs de t\u00e9l\u00e9-r\u00e9alit\u00e9. Celle qui a \u00e9t\u00e9 vue dans Moundir et les Apprentis Aventuriers, dans Les Marseillais VS le Reste du Monde, dans Les Princes et les Princesses de l&rsquo;Amour ou encore dans La Bataille des Couples, a \u00e9t\u00e9 <a href=\"https:\/\/www.programme-tv.net\/news\/tele-realite\/224071-exclu-fidji-ruiz-avec-dylan-on-a-emmenage-ensemble-15-jours-apres-notre-depart-des-princes-et-des-princesses-de-lamour\/\" data-api-deeplink=\"teleloisirs:\/\/news\/224071\" target=\"_blank\" rel=\"noopener\">en couple avec Ricardo Pinto et Dylan Thiry<\/a>. Ce dernier ne souhaitait pas dans l&rsquo;imm\u00e9diat \u00ab\u00a0fonder une famille\u00a0\u00bb contrairement \u00e0 Fidji Ruiz. Elle a finalement dit oui \u00ab\u00a0devant Dieu\u00a0\u00bb \u00e0 Anas le 26 juillet 2021, il y a presque quatre ans d\u00e9j\u00e0. Pour le meilleur et pour le pire.<\/p>\n<p>Article \u00e9crit en collaboration avec 6Medias<\/p>\n","protected":false},"excerpt":{"rendered":"Apr\u00e8s le grave accident de voiture dont ils ont \u00e9t\u00e9 victimes, l&rsquo;ancienne candidate de t\u00e9l\u00e9-r\u00e9alit\u00e9 Fidji Ruiz et&hellip;\n","protected":false},"author":2,"featured_media":246198,"comment_status":"","ping_status":"","sticky":false,"template":"","format":"standard","meta":{"footnotes":""},"categories":[1359],"tags":[119,4548,244,58,59,38291,1011,27,38292,16448,973,3604,38293],"class_list":{"0":"post-246197","1":"post","2":"type-post","3":"status-publish","4":"format-standard","5":"has-post-thumbnail","7":"category-people","8":"tag-accident","9":"tag-channel_tl-story","10":"tag-commentaire","11":"tag-divertissement","12":"tag-entertainment","13":"tag-fidji-ruiz","14":"tag-fr","15":"tag-france","16":"tag-guid_6276715584001","17":"tag-hospitalisation","18":"tag-people","19":"tag-tu00e9lu00e9-ru00e9alitu00e9","20":"tag-uuid_df2e078b-cde7-48e6-8ab9-c7892f20ea82"},"share_on_mastodon":{"url":"https:\/\/pubeurope.com\/@fr\/114843490898022338","error":""},"_links":{"self":[{"href":"https:\/\/www.europesays.com\/fr\/wp-json\/wp\/v2\/posts\/246197","targetHints":{"allow":["GET"]}}],"collection":[{"href":"https:\/\/www.europesays.com\/fr\/wp-json\/wp\/v2\/posts"}],"about":[{"href":"https:\/\/www.europesays.com\/fr\/wp-json\/wp\/v2\/types\/post"}],"author":[{"embeddable":true,"href":"https:\/\/www.europesays.com\/fr\/wp-json\/wp\/v2\/users\/2"}],"replies":[{"embeddable":true,"href":"https:\/\/www.europesays.com\/fr\/wp-json\/wp\/v2\/comments?post=246197"}],"version-history":[{"count":0,"href":"https:\/\/www.europesays.com\/fr\/wp-json\/wp\/v2\/posts\/246197\/revisions"}],"wp:featuredmedia":[{"embeddable":true,"href":"https:\/\/www.europesays.com\/fr\/wp-json\/wp\/v2\/media\/246198"}],"wp:attachment":[{"href":"https:\/\/www.europesays.com\/fr\/wp-json\/wp\/v2\/media?parent=246197"}],"wp:term":[{"taxonomy":"category","embeddable":true,"href":"https:\/\/www.europesays.com\/fr\/wp-json\/wp\/v2\/categories?post=246197"},{"taxonomy":"post_tag","embeddable":true,"href":"https:\/\/www.europesays.com\/fr\/wp-json\/wp\/v2\/tags?post=246197"}],"curies":[{"name":"wp","href":"https:\/\/api.w.org\/{rel}","templated":true}]}}