{"id":246213,"date":"2025-07-13T02:19:18","date_gmt":"2025-07-13T02:19:18","guid":{"rendered":"https:\/\/www.europesays.com\/fr\/246213\/"},"modified":"2025-07-13T02:19:18","modified_gmt":"2025-07-13T02:19:18","slug":"toyota-choque-par-la-methode-eclair-de-byd-pour-ses-voitures-electriques","status":"publish","type":"post","link":"https:\/\/www.europesays.com\/fr\/246213\/","title":{"rendered":"Toyota choqu\u00e9 par la m\u00e9thode \u00e9clair de BYD pour ses voitures \u00e9lectriques"},"content":{"rendered":"<p>\t\t\t\t\t\t\t\t<a href=\"https:\/\/rouleur-electrique.fr\/actu\/\" class=\"category-button | text-uppercase\" rel=\"nofollow noopener\" target=\"_blank\">Actu voiture \u00e9lectrique<\/a><\/p>\n<p><img data-no-lazy=\"\" width=\"1500\" height=\"843\" src=\"https:\/\/www.europesays.com\/fr\/wp-content\/uploads\/2025\/07\/Toyota-stupefaite-par-la-vitesse-de-developpement-des-voit.jpg\" alt=\"Toyota stup\u00e9faite par la vitesse de d\u00e9veloppement des voit\" decoding=\"sync\" fetchpriority=\"high\"  \/><\/p>\n<p>La collaboration entre <a href=\"https:\/\/rouleur-electrique.fr\/toyota\/\" rel=\"nofollow noopener\" target=\"_blank\">Toyota<\/a> et <a href=\"https:\/\/rouleur-electrique.fr\/byd\/\" rel=\"nofollow noopener\" target=\"_blank\">BYD<\/a> pour le d\u00e9veloppement de la berline \u00e9lectrique bZ3 a r\u00e9v\u00e9l\u00e9 un foss\u00e9 culturel majeur entre l\u2019industrie automobile traditionnelle et les nouveaux acteurs chinois. L\u00e0 o\u00f9 Toyota n\u00e9cessitait habituellement <strong>quatre \u00e0 cinq ann\u00e9es<\/strong> pour d\u00e9velopper un v\u00e9hicule, les constructeurs chinois ram\u00e8nent ce d\u00e9lai \u00e0 <strong>deux ans seulement<\/strong>. Cette acc\u00e9l\u00e9ration bouleverse les codes \u00e9tablis et oblige m\u00eame le g\u00e9ant japonais \u00e0 repenser ses m\u00e9thodes.<\/p>\n<p>L\u2019approche chinoise s\u2019inspire directement de la Silicon Valley : d\u00e9velopper rapidement, corriger en cours de route et am\u00e9liorer continuellement apr\u00e8s la commercialisation. Face \u00e0 cette strat\u00e9gie, Toyota s\u2019est montr\u00e9 \u201cstup\u00e9fait\u201d par les m\u00e9thodes de BYD, d\u00e9couvrant une culture d\u2019ing\u00e9nierie radicalement diff\u00e9rente de la sienne.<\/p>\n<p>Une m\u00e9thode de d\u00e9veloppement qui r\u00e9volutionne l\u2019industrie<\/p>\n<p>BYD et ses concurrents chinois ont adopt\u00e9 une philosophie du \u201cfail fast\u201d qui contraste fortement avec l\u2019approche m\u00e9thodique de Toyota. Pendant que le constructeur japonais fabrique traditionnellement <strong>six prototypes distincts<\/strong> et les teste sur des dizaines de milliers de kilom\u00e8tres, les ing\u00e9nieurs chinois privil\u00e9gient les simulations et l\u2019intelligence artificielle pour acc\u00e9l\u00e9rer le processus.<\/p>\n<p>Cette diff\u00e9rence d\u2019approche se traduit par des conditions de travail intenses : les ing\u00e9nieurs chinois travaillent <strong>12 heures par jour, six jours par semaine<\/strong>. Ils d\u00e9veloppent les diff\u00e9rents composants du v\u00e9hicule en parall\u00e8le plut\u00f4t que de suivre une approche s\u00e9quentielle traditionnelle. BYD emploie d\u00e9sormais <strong>900 000 salari\u00e9s<\/strong>, soit presque autant que Toyota et <a href=\"https:\/\/rouleur-electrique.fr\/volkswagen\/\" rel=\"nofollow noopener\" target=\"_blank\">Volkswagen<\/a> r\u00e9unis.<\/p>\n<p>Des v\u00e9hicules \u00e9lectriques performants \u00e0 prix cass\u00e9s<\/p>\n<p>Le fruit de cette collaboration, la bZ3, illustre parfaitement cette nouvelle approche. \u00c9quip\u00e9e de la <strong>batterie Blade LFP<\/strong> de BYD, elle offre une autonomie de <strong>600 kilom\u00e8tres<\/strong> selon le cycle CLTC chinois, soit environ 400 kilom\u00e8tres en conditions r\u00e9elles europ\u00e9ennes. Son prix de <strong>27 000 dollars<\/strong> avant subventions la positionne comme une alternative cr\u00e9dible \u00e0 la <a href=\"https:\/\/rouleur-electrique.fr\/voiture-electrique-tesla\/\" rel=\"nofollow noopener\" target=\"_blank\">Tesla<\/a> <a href=\"https:\/\/rouleur-electrique.fr\/voiture-electrique-tesla\/model-3\/\" rel=\"nofollow noopener\" target=\"_blank\">Model 3<\/a> sur le march\u00e9 chinois.<\/p>\n<p>Le bZ3X, SUV d\u00e9velopp\u00e9 conjointement avec GAC, va encore plus loin avec des \u00e9quipements haut de gamme :<\/p>\n<ul class=\"wp-block-list\">\n<li>Syst\u00e8me lidar int\u00e9gr\u00e9 pour la conduite autonome<\/li>\n<li>\u00c9cran d\u2019infodivertissement aliment\u00e9 par la <strong>puce Qualcomm 8155<\/strong><\/li>\n<li>Suite d\u2019assistance \u00e0 la conduite Momenta sur <strong>puce Nvidia Orin X<\/strong><\/li>\n<li>Prix de <strong>22 000 dollars<\/strong> toutes options comprises<\/li>\n<\/ul>\n<p>Le d\u00e9fi de la fiabilit\u00e9 \u00e0 long terme<\/p>\n<p>Malgr\u00e9 son admiration pour l\u2019agilit\u00e9 de BYD, Toyota reste prudent quant \u00e0 cette approche. La r\u00e9putation du constructeur japonais s\u2019est b\u00e2tie sur la <strong>fiabilit\u00e9 exceptionnelle<\/strong> de ses v\u00e9hicules, capables de parcourir des centaines de milliers de kilom\u00e8tres sans d\u00e9faillance majeure. Cette long\u00e9vit\u00e9 r\u00e9sulte d\u2019une m\u00e9thode de d\u00e9veloppement particuli\u00e8rement rigoureuse et de tests approfondis.<\/p>\n<p>Les <a href=\"https:\/\/rouleur-electrique.fr\/guide\/achat\/voiture-electrique-chinoise\/\" rel=\"nofollow noopener\" target=\"_blank\">v\u00e9hicules \u00e9lectriques chinois<\/a>, bien que \u201csuffisamment aboutis\u201d au lancement, misent sur une am\u00e9lioration continue post-commercialisation. Cette strat\u00e9gie permet des lancements plus rapides mais soul\u00e8ve des questions sur la durabilit\u00e9 \u00e0 long terme. Il reste \u00e0 d\u00e9terminer si les v\u00e9hicules de BYD \u00e9galeront la long\u00e9vit\u00e9 l\u00e9gendaire des Toyota dans les ann\u00e9es \u00e0 venir.<\/p>\n<p>Un rapport de force qui s\u2019inverse<\/p>\n<p>BYD a vendu <strong>4,3 millions de v\u00e9hicules<\/strong> en 2024, devenant le septi\u00e8me constructeur mondial, contre <strong>10,7 millions<\/strong> pour Toyota. L\u2019objectif avou\u00e9 du constructeur chinois est de d\u00e9tr\u00f4ner Toyota de sa position de leader. Cette ambition semble r\u00e9aliste compte tenu de la croissance fulgurante de BYD et de sa capacit\u00e9 \u00e0 proposer une gamme plus diversifi\u00e9e que Tesla, avec des mises \u00e0 jour constantes de ses mod\u00e8les.<\/p>\n<p>L\u2019expansion internationale de BYD s\u2019acc\u00e9l\u00e8re, transformant progressivement cette marque chinoise en concurrent global de Toyota. La strat\u00e9gie d\u2019export de ses v\u00e9hicules \u00e9lectriques et hybrides rechargeables t\u00e9moigne de cette volont\u00e9 de rayonnement mondial.<\/p>\n<p>Face \u00e0 cette concurrence redoutable, Toyota doit d\u00e9sormais jongler entre pr\u00e9servation de sa r\u00e9putation de fiabilit\u00e9 et n\u00e9cessit\u00e9 d\u2019acc\u00e9l\u00e9rer ses cycles de d\u00e9veloppement. Le succ\u00e8s futur d\u00e9pendra de sa capacit\u00e9 \u00e0 int\u00e9grer les le\u00e7ons apprises de cette collaboration tout en conservant les atouts qui ont fait sa renomm\u00e9e mondiale.<\/p>\n<p>        <img loading=\"lazy\" decoding=\"async\" alt=\"\" src=\"data:image\/svg+xml,%3Csvg%20xmlns=\" http:=\"\" data-lazy- class=\"avatar avatar-120 photo sab-custom-avatar\" height=\"120\" width=\"120\" data-lazy-src=\"https:\/\/www.europesays.com\/fr\/wp-content\/uploads\/2025\/05\/francois_zhang_ming.jpg\"\/>    <\/p>\n<p class=\"wp-block-post-author__name\">R\u00e9dig\u00e9 par Fran\u00e7ois Zhang-Ming<\/p>\n<p class=\"wp-block-post-author__bio\"> J&rsquo;ai toujours montr\u00e9 un vif int\u00e9r\u00eat pour les sciences et les technologies d\u00e8s mon plus jeune \u00e2ge. Je poss\u00e8de une double culture, chinoise par ma m\u00e8re et fran\u00e7aise par mon p\u00e8re mais aussi par mes \u00e9tudes, ce qui me permet d&rsquo;\u00eatre tr\u00e8s familier avec les innovations technologiques de l&rsquo;extr\u00eame orient.<\/p>\n<p>\t\t\tR\u00e9agissez \u00e0 l&rsquo;article    <\/p>\n","protected":false},"excerpt":{"rendered":"Actu voiture \u00e9lectrique La collaboration entre Toyota et BYD pour le d\u00e9veloppement de la berline \u00e9lectrique bZ3 a&hellip;\n","protected":false},"author":2,"featured_media":246214,"comment_status":"","ping_status":"","sticky":false,"template":"","format":"standard","meta":{"footnotes":""},"categories":[6],"tags":[13643,38581,35,15191,38582,2765,38583,33,34,38584,1011,27,223,34745,38585,20239,17826],"class_list":{"0":"post-246213","1":"post","2":"type-post","3":"status-publish","4":"format-standard","5":"has-post-thumbnail","7":"category-economie","8":"tag-autonomie","9":"tag-batterie-blade-lfp","10":"tag-business","11":"tag-byd","12":"tag-bz3","13":"tag-collaboration","14":"tag-du00e9veloppement-rapide","15":"tag-economie","16":"tag-economy","17":"tag-fiabilitu00e9","18":"tag-fr","19":"tag-france","20":"tag-intelligence-artificielle","21":"tag-marchu00e9-chinois","22":"tag-prix-compu00e9titifs","23":"tag-toyota","24":"tag-vu00e9hicules-u00e9lectriques"},"share_on_mastodon":{"url":"https:\/\/pubeurope.com\/@fr\/114843534412948938","error":""},"_links":{"self":[{"href":"https:\/\/www.europesays.com\/fr\/wp-json\/wp\/v2\/posts\/246213","targetHints":{"allow":["GET"]}}],"collection":[{"href":"https:\/\/www.europesays.com\/fr\/wp-json\/wp\/v2\/posts"}],"about":[{"href":"https:\/\/www.europesays.com\/fr\/wp-json\/wp\/v2\/types\/post"}],"author":[{"embeddable":true,"href":"https:\/\/www.europesays.com\/fr\/wp-json\/wp\/v2\/users\/2"}],"replies":[{"embeddable":true,"href":"https:\/\/www.europesays.com\/fr\/wp-json\/wp\/v2\/comments?post=246213"}],"version-history":[{"count":0,"href":"https:\/\/www.europesays.com\/fr\/wp-json\/wp\/v2\/posts\/246213\/revisions"}],"wp:featuredmedia":[{"embeddable":true,"href":"https:\/\/www.europesays.com\/fr\/wp-json\/wp\/v2\/media\/246214"}],"wp:attachment":[{"href":"https:\/\/www.europesays.com\/fr\/wp-json\/wp\/v2\/media?parent=246213"}],"wp:term":[{"taxonomy":"category","embeddable":true,"href":"https:\/\/www.europesays.com\/fr\/wp-json\/wp\/v2\/categories?post=246213"},{"taxonomy":"post_tag","embeddable":true,"href":"https:\/\/www.europesays.com\/fr\/wp-json\/wp\/v2\/tags?post=246213"}],"curies":[{"name":"wp","href":"https:\/\/api.w.org\/{rel}","templated":true}]}}