{"id":246229,"date":"2025-07-13T02:35:07","date_gmt":"2025-07-13T02:35:07","guid":{"rendered":"https:\/\/www.europesays.com\/fr\/246229\/"},"modified":"2025-07-13T02:35:07","modified_gmt":"2025-07-13T02:35:07","slug":"premiere-manquee-pour-le-gf38-face-au-servette-geneve","status":"publish","type":"post","link":"https:\/\/www.europesays.com\/fr\/246229\/","title":{"rendered":"premi\u00e8re manqu\u00e9e pour le GF38 face au Servette Gen\u00e8ve"},"content":{"rendered":"<p class=\"insetTitle\">La fiche technique<\/p>\n<p><strong>A Thonon (stade Joseph-Moynat),<\/strong> Servette Gen\u00e8ve bat Grenoble 1-0 (0-0). <br \/><strong>But pour le Servette\u00a0:<\/strong> Varela (90e+2).<\/p>\n<p><strong>Grenoble (1ere mi-temps)\u00a0:<\/strong> Diop \u2013 Delos, Paquiez, Mambo, Tchaptchet, Mion \u2013 Valls, Lele Diba, Sylvestre \u2013 K\u00e9rou\u00e9dan, Diaby.<\/p>\n<p><strong>Grenoble (2e mi-temps)\u00a0:<\/strong> Pattier \u2013 N\u2019Gatta, Chariag, Mouyokolo, Sarikaya, Xantippe \u2013 Benet, Mouazan, Bangr\u00e9 &#8211; Olaitan, Elphege.<\/p>\n","protected":false},"excerpt":{"rendered":"La fiche technique A Thonon (stade Joseph-Moynat), Servette Gen\u00e8ve bat Grenoble 1-0 (0-0). But pour le Servette\u00a0: Varela&hellip;\n","protected":false},"author":2,"featured_media":246230,"comment_status":"","ping_status":"","sticky":false,"template":"","format":"standard","meta":{"footnotes":""},"categories":[9566],"tags":[1111,11,2430,4637,112,113,114,1777,674,1701,63,1011,27,12637,2731,2732,108,12636,12,25,517],"class_list":{"0":"post-246229","1":"post","2":"type-post","3":"status-publish","4":"format-standard","5":"has-post-thumbnail","7":"category-grenoble","8":"tag-actu","9":"tag-actualites","10":"tag-auvergne-rhone-alpes","11":"tag-edition-grand-geneve-chablais-ain","12":"tag-edition-grenoble-agglomeration","13":"tag-edition-gresivaudan-oisans","14":"tag-edition-voiron-saint-marcellin","15":"tag-eu","16":"tag-europe","17":"tag-fil-info-sport","18":"tag-football","19":"tag-fr","20":"tag-france","21":"tag-gf38-grenoble-foot-38","22":"tag-grenoble","23":"tag-grenoble-bassin","24":"tag-isere","25":"tag-ligue-2-football","26":"tag-news","27":"tag-republique-francaise","28":"tag-sport"},"share_on_mastodon":{"url":"https:\/\/pubeurope.com\/@fr\/114843597020106422","error":""},"_links":{"self":[{"href":"https:\/\/www.europesays.com\/fr\/wp-json\/wp\/v2\/posts\/246229","targetHints":{"allow":["GET"]}}],"collection":[{"href":"https:\/\/www.europesays.com\/fr\/wp-json\/wp\/v2\/posts"}],"about":[{"href":"https:\/\/www.europesays.com\/fr\/wp-json\/wp\/v2\/types\/post"}],"author":[{"embeddable":true,"href":"https:\/\/www.europesays.com\/fr\/wp-json\/wp\/v2\/users\/2"}],"replies":[{"embeddable":true,"href":"https:\/\/www.europesays.com\/fr\/wp-json\/wp\/v2\/comments?post=246229"}],"version-history":[{"count":0,"href":"https:\/\/www.europesays.com\/fr\/wp-json\/wp\/v2\/posts\/246229\/revisions"}],"wp:featuredmedia":[{"embeddable":true,"href":"https:\/\/www.europesays.com\/fr\/wp-json\/wp\/v2\/media\/246230"}],"wp:attachment":[{"href":"https:\/\/www.europesays.com\/fr\/wp-json\/wp\/v2\/media?parent=246229"}],"wp:term":[{"taxonomy":"category","embeddable":true,"href":"https:\/\/www.europesays.com\/fr\/wp-json\/wp\/v2\/categories?post=246229"},{"taxonomy":"post_tag","embeddable":true,"href":"https:\/\/www.europesays.com\/fr\/wp-json\/wp\/v2\/tags?post=246229"}],"curies":[{"name":"wp","href":"https:\/\/api.w.org\/{rel}","templated":true}]}}