{"id":246235,"date":"2025-07-13T02:40:08","date_gmt":"2025-07-13T02:40:08","guid":{"rendered":"https:\/\/www.europesays.com\/fr\/246235\/"},"modified":"2025-07-13T02:40:08","modified_gmt":"2025-07-13T02:40:08","slug":"les-victimes-de-la-prom-doivent-sunir-ce-comite-organise-une-reunion-a-la-rentree-pour-securiser-la-promenade-des-anglais-a-nice","status":"publish","type":"post","link":"https:\/\/www.europesays.com\/fr\/246235\/","title":{"rendered":"\u00ab\u00a0Les victimes de la Prom\u2019 doivent s\u2019unir\u00a0\u00bb: ce comit\u00e9 organise une r\u00e9union \u00e0 la rentr\u00e9e pour s\u00e9curiser la promenade des Anglais \u00e0 Nice"},"content":{"rendered":"<p>L\u2019h\u00e9catombe se poursuit sur la Promenade des Anglais, ouvrant un nouveau boulevard \u00e0 la col\u00e8re des riverains.<\/p>\n<p>Suite \u00e0 <a href=\"https:\/\/www.nicematin.com\/faits-divers\/accident-mortel-de-la-prom-le-pilote-de-la-moto-sorti-du-coma-un-expert-mandate-pour-juger-de-la-vitesse-lors-du-choc-993769\" rel=\"nofollow noopener\" target=\"_blank\">l\u2019accident entre un cycliste et une moto<\/a>, ayant caus\u00e9 le d\u00e9c\u00e8s d\u2019un jeune homme de 19 ans et d\u2019une<a href=\"https:\/\/www.nicematin.com\/faits-divers\/qui-etait-valentina-21-ans-tuee-dans-l-accident-de-la-prom--993624\" rel=\"nofollow noopener\" target=\"_blank\"> jeune femme de 21 ans<\/a>, ce lundi soir, Kirkor Ajderhanyan, le pr\u00e9sident de l\u2019Association de promotion et de sauvegarde du front de mer \u00e0 Nice (dit aussi \u00ab\u00a0comit\u00e9 Promenade\u00a0\u00bb), (re) monte au cr\u00e9neau.<\/p>\n<p>\u00ab\u00a0Avec ce nouveau drame, la Prom\u2019 franchit le seuil des trente morts en seulement neuf ans. Qui se souvient de tous ces noms, de tous ces visages? Nous devons entretenir cette m\u00e9moire. Comme celle de la soixantaine de bless\u00e9s dont la vie a parfois \u00e9t\u00e9 boulevers\u00e9e. Les victimes de la Prom\u2019 doivent s\u2019unir, participer aux d\u00e9bats pour s\u00e9curiser cet axe. C\u2019est pourquoi nous les invitons \u00e0 t\u00e9moigner lors d\u2019une grande r\u00e9union, le 4 septembre, au palais de l\u2019agriculture \u00e0 18 heures. Les d\u00e9put\u00e9s, s\u00e9nateurs, Christian Estrosi ainsi que Monsieur le pr\u00e9fet sont aussi invit\u00e9s pour trouver des solutions.\u00a0\u00bb<\/p>\n<p>\u00ab\u00a0Les radars \u00e7a ne suffit pas\u00a0\u00bb<\/p>\n<p>Le Ni\u00e7ois reprend son souffle tout en \u00e9talant une dizaine d\u2019articles de Nice-Matin et de courriers adress\u00e9s \u00e0 la mairie. Y sont consign\u00e9es les nombreuses propositions de son association pour r\u00e9am\u00e9nager le bord de mer. \u00ab\u00a0L\u2019installation de radars est une r\u00e9ussite, car les accidents sont majoritairement li\u00e9s \u00e0 des exc\u00e8s de vitesse. Mais \u00e7a ne suffit pas\u00a0\u00bb, estime-t-il. \u00ab\u00a0Voil\u00e0 pourquoi nous pr\u00e9conisons le passage de trois \u00e0 deux voies en chauss\u00e9e nord et sud. La nuit, la circulation serait m\u00eame r\u00e9duite \u00e0 une seule voie, l\u2019autre \u00e9tant r\u00e9serv\u00e9e aux secours.\u00a0\u00bb<\/p>\n<p>Quant \u00e0 la cohabitation entre cyclistes et pi\u00e9tons sur le front de mer, le pr\u00e9sident du comit\u00e9 appelle \u00e0 \u00ab\u00a0s\u00e9parer la piste cyclable du reste de la Promenade par un muret ou des barri\u00e8res (&#8230;) L\u00e0 encore, il y a un probl\u00e8me de civisme. Les gens roulent trop vite. Il faudrait encore plus de feux tricolores et de panneaux de limitation de vitesse.\u00a0\u00bb<\/p>\n<p>Interrog\u00e9 sur sa proximit\u00e9 affich\u00e9e avec les d\u00e9put\u00e9s \u00c9ric Ciotti et Christelle d\u2019Intorni de l\u2019Union des droites pour la R\u00e9publique, Kirkor Ajderhanyan assure que son combat pour la s\u00e9curisation de la Prom\u2019 n\u2019est d\u00e9volu qu\u2019aux Ni\u00e7ois. Mais avec l\u2019approche des \u00e9lections municipales, comment ne pas tomber dans la r\u00e9cup\u00e9ration politique? \u00ab\u00a0Ces enjeux seront \u00e9videmment au c\u0153ur de la campagne. Mais il y a urgence \u00e0 agir avant. La situation doit changer maintenant.\u00a0\u00bb<\/p>\n<p>            Six millions d\u2019euros d\u00e9j\u00e0 investis pour la s\u00e9curisation<\/p>\n<p>Piqu\u00e9e \u00e0 vif par les critiques r\u00e9p\u00e9t\u00e9es de Kirkor Ajderhanyan, la Ville de Nice r\u00e9plique dans un communiqu\u00e9: \u00ab\u00a0Le r\u00e9am\u00e9nagement de la Promenade des Anglais qu\u2019il demande correspond \u00e0 une semi-pi\u00e9tonnisation, sans consid\u00e9ration aucune des r\u00e9alit\u00e9s de notre territoire.\u00a0\u00bb<\/p>\n<p>Un tacle pour mieux applaudir le projet de \u00ab\u00a0requalification totale, au c\u0153ur des pr\u00e9occupations de Christian Estrosi. Des travaux ont \u00e9t\u00e9 r\u00e9alis\u00e9s pour un montant total de 30 millions d\u2019euros (dont 6 millions d\u2019euros pour sa s\u00e9curisation)\u2005: requalification compl\u00e8te du trottoir sud, apaisement de la circulation avec 40\u2005% de v\u00e9hicules en moins gr\u00e2ce \u00e0 la Ligne 2 \u2013 raccordement de la voie Mathis \u00e0 l\u2019A8, installation anti-intrusion.\u00a0\u00bb<\/p>\n","protected":false},"excerpt":{"rendered":"L\u2019h\u00e9catombe se poursuit sur la Promenade des Anglais, ouvrant un nouveau boulevard \u00e0 la col\u00e8re des riverains. Suite&hellip;\n","protected":false},"author":2,"featured_media":246236,"comment_status":"","ping_status":"","sticky":false,"template":"","format":"standard","meta":{"footnotes":""},"categories":[2819],"tags":[1111,11,1777,674,118,1011,27,12,2401,882,25,656],"class_list":{"0":"post-246235","1":"post","2":"type-post","3":"status-publish","4":"format-standard","5":"has-post-thumbnail","7":"category-nice","8":"tag-actu","9":"tag-actualites","10":"tag-eu","11":"tag-europe","12":"tag-faits-divers","13":"tag-fr","14":"tag-france","15":"tag-news","16":"tag-nice","17":"tag-provence-alpes-cote-dazur","18":"tag-republique-francaise","19":"tag-securite"},"share_on_mastodon":{"url":"https:\/\/pubeurope.com\/@fr\/114843616758949747","error":""},"_links":{"self":[{"href":"https:\/\/www.europesays.com\/fr\/wp-json\/wp\/v2\/posts\/246235","targetHints":{"allow":["GET"]}}],"collection":[{"href":"https:\/\/www.europesays.com\/fr\/wp-json\/wp\/v2\/posts"}],"about":[{"href":"https:\/\/www.europesays.com\/fr\/wp-json\/wp\/v2\/types\/post"}],"author":[{"embeddable":true,"href":"https:\/\/www.europesays.com\/fr\/wp-json\/wp\/v2\/users\/2"}],"replies":[{"embeddable":true,"href":"https:\/\/www.europesays.com\/fr\/wp-json\/wp\/v2\/comments?post=246235"}],"version-history":[{"count":0,"href":"https:\/\/www.europesays.com\/fr\/wp-json\/wp\/v2\/posts\/246235\/revisions"}],"wp:featuredmedia":[{"embeddable":true,"href":"https:\/\/www.europesays.com\/fr\/wp-json\/wp\/v2\/media\/246236"}],"wp:attachment":[{"href":"https:\/\/www.europesays.com\/fr\/wp-json\/wp\/v2\/media?parent=246235"}],"wp:term":[{"taxonomy":"category","embeddable":true,"href":"https:\/\/www.europesays.com\/fr\/wp-json\/wp\/v2\/categories?post=246235"},{"taxonomy":"post_tag","embeddable":true,"href":"https:\/\/www.europesays.com\/fr\/wp-json\/wp\/v2\/tags?post=246235"}],"curies":[{"name":"wp","href":"https:\/\/api.w.org\/{rel}","templated":true}]}}