{"id":246238,"date":"2025-07-13T02:43:20","date_gmt":"2025-07-13T02:43:20","guid":{"rendered":"https:\/\/www.europesays.com\/fr\/246238\/"},"modified":"2025-07-13T02:43:20","modified_gmt":"2025-07-13T02:43:20","slug":"fc-nantes-psg-sera-en-clair-a-la-tv-2","status":"publish","type":"post","link":"https:\/\/www.europesays.com\/fr\/246238\/","title":{"rendered":"FC Nantes \u2013 PSG sera en clair \u00e0 la TV"},"content":{"rendered":"<p><img alt=\"FC Nantes - PSG sera en clair \u00e0 la TV\" loading=\"lazy\" width=\"620\" height=\"413\" decoding=\"async\" data-nimg=\"1\" class=\"rounded-lg\" style=\"color:transparent\" src=\"https:\/\/www.europesays.com\/fr\/wp-content\/uploads\/2025\/07\/d93efaf9f7b1d28bfa55e7877d651126.jpeg\"\/><\/p>\n<p>Pour accompagner son lancement, la cha\u00eene Ligue1+ diffusera le match FC Nantes \u2013 PSG en clair.<\/p>\n<p class=\"mb-4 text-lg md:leading-8 break-words\">La Ligue de Football Professionnel a d\u00e9voil\u00e9 sa nouvelle plateforme de diffusion Ligue1+, qui d\u00e9ploiera ses premiers programmes le 15 ao\u00fbt prochain. Pour marquer ce lancement, la rencontre <a href=\"https:\/\/sportune.20minutes.fr\/fc-nantes\" rel=\"nofollow noopener\" target=\"_blank\" data-ylk=\"slk:FC Nantes;elm:context_link;itc:0;sec:content-canvas\" class=\"link \">FC Nantes<\/a> \u2013 <a href=\"https:\/\/sportune.20minutes.fr\/paris-saint-germain-psg\" rel=\"nofollow noopener\" target=\"_blank\" data-ylk=\"slk:Paris SG;elm:context_link;itc:0;sec:content-canvas\" class=\"link \">Paris SG<\/a> du dimanche 17 ao\u00fbt sera diffus\u00e9e gratuitement en clair.<\/p>\n<p class=\"mb-4 text-lg md:leading-8 break-words\">Cette affiche de la premi\u00e8re journ\u00e9e de <a href=\"https:\/\/sportune.20minutes.fr\/ligue-1-l1\" rel=\"nofollow noopener\" target=\"_blank\" data-ylk=\"slk:Ligue 1;elm:context_link;itc:0;sec:content-canvas\" class=\"link \">Ligue 1<\/a> sera pr\u00e9c\u00e9d\u00e9e d\u2019un grand magazine d\u00e8s 19h15, l\u2019ensemble \u00e9tant propos\u00e9 sans abonnement \u00e0 tous les t\u00e9l\u00e9spectateurs. Cette diffusion gratuite constitue une offre d\u00e9couverte \u00e9v\u00e9nementielle pour la premi\u00e8re journ\u00e9e de championnat.<\/p>\n<p class=\"mb-4 text-lg md:leading-8 break-words\">La plateforme Ligue1+ proposera par la suite huit matchs en direct et en exclusivit\u00e9 chaque week-end, du vendredi au dimanche, accompagn\u00e9s de deux magazines et d\u2019un neuvi\u00e8me match en diff\u00e9r\u00e9. Le service couvrira \u00e9galement les grandes affiches de la saison, notamment les Classiques <a href=\"https:\/\/sportune.20minutes.fr\/olympique-de-marseille-om\" rel=\"nofollow noopener\" target=\"_blank\" data-ylk=\"slk:OM;elm:context_link;itc:0;sec:content-canvas\" class=\"link \">OM<\/a> \u2013 <a href=\"https:\/\/sportune.20minutes.fr\/paris-saint-germain-psg\" rel=\"nofollow noopener\" target=\"_blank\" data-ylk=\"slk:PSG;elm:context_link;itc:0;sec:content-canvas\" class=\"link \">PSG<\/a> et <a href=\"https:\/\/sportune.20minutes.fr\/olympique-lyonnais-ol\" rel=\"nofollow noopener\" target=\"_blank\" data-ylk=\"slk:OL;elm:context_link;itc:0;sec:content-canvas\" class=\"link \">OL<\/a> \u2013 <a href=\"https:\/\/sportune.20minutes.fr\/olympique-de-marseille-om\" rel=\"nofollow noopener\" target=\"_blank\" data-ylk=\"slk:OM;elm:context_link;itc:0;sec:content-canvas\" class=\"link \">OM<\/a>, ainsi que le Troph\u00e9e des Champions et les barrages.<\/p>\n<p>D\u00e9j\u00e0 plusieurs op\u00e9rateurs ont confirm\u00e9 la diffusion<\/p>\n<p class=\"mb-4 text-lg md:leading-8 break-words\">L\u2019offre tarifaire s\u2019\u00e9tablit \u00e0 14,99\u20ac par mois avec engagement, tandis qu\u2019une formule \u00e0 9,99\u20ac par mois sans engagement sera propos\u00e9e aux moins de 26 ans sur supports mobiles, tablettes et ordinateurs. Ligue1+ sera accessible via plusieurs distributeurs, notamment Orange, Bouygues Telecom, Free, SFR et DAZN. Free a confirm\u00e9 sur ses r\u00e9seaux sociaux que la plateforme sera disponible sur sa cha\u00eene 37. Le service sera \u00e9galement propos\u00e9 en OTT (over-the-top).<\/p>\n<p class=\"mb-4 text-lg md:leading-8 break-words\">L\u2019\u00e9quipe \u00e9ditoriale comprend Xavier Domergue, Thibault Le Rol, Marina Lorenzo, Sma\u00efl Bouabdellah, S\u00e9bastien Dupuis et Lesly Boitrelle, avec Beno\u00eet Cheyrou comme consultant.<\/p>\n<p class=\"mb-4 text-lg md:leading-8 break-words\"><a href=\"https:\/\/sportune.20minutes.fr\/nantes-psg-sera-en-clair-a-la-tv-372444\" rel=\"nofollow noopener\" target=\"_blank\" data-ylk=\"slk:FC Nantes \u2013 PSG sera en clair \u00e0 la TV;elm:context_link;itc:0;sec:content-canvas\" class=\"link \">FC Nantes \u2013 PSG sera en clair \u00e0 la TV<\/a> est un article paru sur <a href=\"https:\/\/sportune.20minutes.fr\" rel=\"nofollow noopener\" target=\"_blank\" data-ylk=\"slk:Sportune;elm:context_link;itc:0;sec:content-canvas\" class=\"link \">Sportune<\/a>.<\/p>\n","protected":false},"excerpt":{"rendered":"Pour accompagner son lancement, la cha\u00eene Ligue1+ diffusera le match FC Nantes \u2013 PSG en clair. La Ligue&hellip;\n","protected":false},"author":2,"featured_media":246239,"comment_status":"","ping_status":"","sticky":false,"template":"","format":"standard","meta":{"footnotes":""},"categories":[2818],"tags":[1111,11,38587,1777,674,462,1011,27,8017,34152,766,12,241,2636,93,25,38586],"class_list":{"0":"post-246238","1":"post","2":"type-post","3":"status-publish","4":"format-standard","5":"has-post-thumbnail","7":"category-nantes","8":"tag-actu","9":"tag-actualites","10":"tag-diffusion-gratuite","11":"tag-eu","12":"tag-europe","13":"tag-fc-nantes","14":"tag-fr","15":"tag-france","16":"tag-la-plateforme","17":"tag-ligue-de-football-professionnel","18":"tag-nantes","19":"tag-news","20":"tag-ol","21":"tag-pays-de-la-loire","22":"tag-psg","23":"tag-republique-francaise","24":"tag-trophee-des-champions"},"share_on_mastodon":{"url":"https:\/\/pubeurope.com\/@fr\/114843628569159344","error":""},"_links":{"self":[{"href":"https:\/\/www.europesays.com\/fr\/wp-json\/wp\/v2\/posts\/246238","targetHints":{"allow":["GET"]}}],"collection":[{"href":"https:\/\/www.europesays.com\/fr\/wp-json\/wp\/v2\/posts"}],"about":[{"href":"https:\/\/www.europesays.com\/fr\/wp-json\/wp\/v2\/types\/post"}],"author":[{"embeddable":true,"href":"https:\/\/www.europesays.com\/fr\/wp-json\/wp\/v2\/users\/2"}],"replies":[{"embeddable":true,"href":"https:\/\/www.europesays.com\/fr\/wp-json\/wp\/v2\/comments?post=246238"}],"version-history":[{"count":0,"href":"https:\/\/www.europesays.com\/fr\/wp-json\/wp\/v2\/posts\/246238\/revisions"}],"wp:featuredmedia":[{"embeddable":true,"href":"https:\/\/www.europesays.com\/fr\/wp-json\/wp\/v2\/media\/246239"}],"wp:attachment":[{"href":"https:\/\/www.europesays.com\/fr\/wp-json\/wp\/v2\/media?parent=246238"}],"wp:term":[{"taxonomy":"category","embeddable":true,"href":"https:\/\/www.europesays.com\/fr\/wp-json\/wp\/v2\/categories?post=246238"},{"taxonomy":"post_tag","embeddable":true,"href":"https:\/\/www.europesays.com\/fr\/wp-json\/wp\/v2\/tags?post=246238"}],"curies":[{"name":"wp","href":"https:\/\/api.w.org\/{rel}","templated":true}]}}