{"id":246248,"date":"2025-07-13T02:50:16","date_gmt":"2025-07-13T02:50:16","guid":{"rendered":"https:\/\/www.europesays.com\/fr\/246248\/"},"modified":"2025-07-13T02:50:16","modified_gmt":"2025-07-13T02:50:16","slug":"comment-les-marseillais-vont-voter-pour-le-maire-de-marseille-en-mars-2026","status":"publish","type":"post","link":"https:\/\/www.europesays.com\/fr\/246248\/","title":{"rendered":"Comment les Marseillais vont voter pour le maire de Marseille en mars 2026"},"content":{"rendered":"<p>Le <a href=\"https:\/\/www.laprovence.com\/article\/france-monde\/8064647017358914\/les-deputes-enterinent-la-reforme-du-scrutin-municipal-a-paris-lyon-et-marseille\" target=\"_blank\" rel=\"nofollow noopener\">mode de scrutin PLM (pour Paris, Lyon et Marseille)<\/a>, <a href=\"https:\/\/www.laprovence.com\/article\/politique\/81703789101212\/loi-plm-en-1983-defferre-est-elu-maire-de-marseille-avec-moins-de-voix-que-gaudin\" target=\"_blank\" rel=\"nofollow noopener\">mis en place en\u00a01983 par Gaston Defferre<\/a>, \u00e0 l\u2019\u00e9poque maire PS de Marseille et ministre de l\u2019Int\u00e9rieur, est d\u00e9sormais caduc.<\/p>\n<p>Comment \u00e7a fonctionnait avant<\/p>\n<p>Depuis plus de 40\u00a0ans, les Marseillais <a href=\"https:\/\/www.laprovence.com\/article\/sports\/6034326\/la-loi-plm-fait-toujours-autant-debat.html\" target=\"_blank\" rel=\"nofollow noopener\">votaient pour des listes par secteur<\/a>, envoyant chacun un nombre d\u00e9termin\u00e9 d\u2019\u00e9lus au conseil municipal (huit secteurs, 101\u00a0conseillers municipaux au total). Il fallait traditionnellement attendre le \u00ab\u00a03e tour\u00a0\u00bb, c\u2019est-\u00e0-dire la premi\u00e8re s\u00e9ance du conseil municipal suivant l\u2019\u00e9lection, pour faire officiellement les comptes. La liste ayant obtenu le plus d\u2019\u00e9lus au total des huit secteurs emportait le fauteuil de maire.<\/p>\n<p>Comment on va voter<\/p>\n<p>Au mois de <a href=\"https:\/\/www.laprovence.com\/elections\/municipales\" target=\"_blank\" rel=\"nofollow noopener\">mars\u00a02026<\/a>, les \u00e9lecteurs marseillais voteront deux fois. Apr\u00e8s \u00eatre pass\u00e9 par l\u2019isoloir, on glissera dans la premi\u00e8re urne son bulletin pour \u00e9lire les membres du conseil municipal. Celui-ci comportera 111\u00a0noms, dont le premier occup\u00e9 par la t\u00eate de liste, le candidat officiel au poste de maire. Il faudra voter dans une seconde urne pour \u00e9lire cette fois les conseils d\u2019arrondissements.<\/p>\n","protected":false},"excerpt":{"rendered":"Le mode de scrutin PLM (pour Paris, Lyon et Marseille), mis en place en\u00a01983 par Gaston Defferre, \u00e0&hellip;\n","protected":false},"author":2,"featured_media":246249,"comment_status":"","ping_status":"","sticky":false,"template":"","format":"standard","meta":{"footnotes":""},"categories":[2814],"tags":[17,1111,11,20,1777,674,1011,27,151,5107,761,884,12,316,471,882,25,3974,11706],"class_list":{"0":"post-246248","1":"post","2":"type-post","3":"status-publish","4":"format-standard","5":"has-post-thumbnail","7":"category-marseille","8":"tag-17","9":"tag-actu","10":"tag-actualites","11":"tag-comment","12":"tag-eu","13":"tag-europe","14":"tag-fr","15":"tag-france","16":"tag-les","17":"tag-maire","18":"tag-marseillais","19":"tag-marseille","20":"tag-news","21":"tag-politique","22":"tag-pour","23":"tag-provence-alpes-cote-dazur","24":"tag-republique-francaise","25":"tag-vont","26":"tag-voter"},"share_on_mastodon":{"url":"https:\/\/pubeurope.com\/@fr\/114843656080116177","error":""},"_links":{"self":[{"href":"https:\/\/www.europesays.com\/fr\/wp-json\/wp\/v2\/posts\/246248","targetHints":{"allow":["GET"]}}],"collection":[{"href":"https:\/\/www.europesays.com\/fr\/wp-json\/wp\/v2\/posts"}],"about":[{"href":"https:\/\/www.europesays.com\/fr\/wp-json\/wp\/v2\/types\/post"}],"author":[{"embeddable":true,"href":"https:\/\/www.europesays.com\/fr\/wp-json\/wp\/v2\/users\/2"}],"replies":[{"embeddable":true,"href":"https:\/\/www.europesays.com\/fr\/wp-json\/wp\/v2\/comments?post=246248"}],"version-history":[{"count":0,"href":"https:\/\/www.europesays.com\/fr\/wp-json\/wp\/v2\/posts\/246248\/revisions"}],"wp:featuredmedia":[{"embeddable":true,"href":"https:\/\/www.europesays.com\/fr\/wp-json\/wp\/v2\/media\/246249"}],"wp:attachment":[{"href":"https:\/\/www.europesays.com\/fr\/wp-json\/wp\/v2\/media?parent=246248"}],"wp:term":[{"taxonomy":"category","embeddable":true,"href":"https:\/\/www.europesays.com\/fr\/wp-json\/wp\/v2\/categories?post=246248"},{"taxonomy":"post_tag","embeddable":true,"href":"https:\/\/www.europesays.com\/fr\/wp-json\/wp\/v2\/tags?post=246248"}],"curies":[{"name":"wp","href":"https:\/\/api.w.org\/{rel}","templated":true}]}}