{"id":246250,"date":"2025-07-13T02:51:14","date_gmt":"2025-07-13T02:51:14","guid":{"rendered":"https:\/\/www.europesays.com\/fr\/246250\/"},"modified":"2025-07-13T02:51:14","modified_gmt":"2025-07-13T02:51:14","slug":"il-etait-en-fuite-depuis-32-ans-apres-avoir-commis-un-meurtre-a-marseille-en-1993-il-vient-detre-arrete","status":"publish","type":"post","link":"https:\/\/www.europesays.com\/fr\/246250\/","title":{"rendered":"Il \u00e9tait en fuite depuis 32 ans apr\u00e8s avoir commis un meurtre \u00e0 Marseille en 1993, il vient d\u2019\u00eatre arr\u00eat\u00e9"},"content":{"rendered":"<p>C\u2019est une cavale digne des meilleurs films policiers. Lorsqu\u2019on parle de cavale, peuvent venir en t\u00eate les noms de Redoine Fa\u00efd, mais aussi Jacques Mesrine ou encore Albert Spaggiari. Celui-ci est encore anonyme. Pourtant, son nom est bien connu des services de police puisque l\u2019homme \u00e9tait sous le coup d\u2019un mandat d\u2019arr\u00eat europ\u00e9en depuis plusieurs d\u00e9cennies. Comme le rapportent nos confr\u00e8res du journal Le Parisien, l\u2019affaire commence en 1993. Dans un bar de Marseille, en 1993, un homme est tu\u00e9 \u00e0 plus de 50 coups de couteau. Tr\u00e8s vite, l\u2019auteur des faits est soup\u00e7onn\u00e9 et prend la fuite. La cour d\u2019assises d\u2019Aix-en-Provence le condamne tout de m\u00eame, bien qu\u2019absent \u00e0 son proc\u00e8s, \u00e0 30 ans de r\u00e9clusion criminelle.<\/p>\n<p>Mais c\u2019\u00e9tait sans compter sur le groupe de recherches des individus en fuite (Grif) de Lyon. Cr\u00e9\u00e9 en 2024, lors de la r\u00e9forme de la police nationale, cette section portait auparavant le nom de Brigade nationale de recherche des fugitifs. En un an, les agents ont d\u00e9j\u00e0 retrouv\u00e9 la trace de plus de 40 fugitifs, dont des trafiquants de drogue et auteurs de f\u00e9minicides. Parmi ces dossiers, la nouvelle r\u00e9ussite du groupe est donc celle d\u2019avoir retrouv\u00e9 un homme en cavale depuis 32 ans, plus longue fuite mise \u00e0 l\u2019arr\u00eat !<\/p>\n<p>Aujourd\u2019hui sexag\u00e9naire, l\u2019homme vivait sous une fausse identit\u00e9 en Espagne. La police a appris qu\u2019il avait \u00e9t\u00e9 incarc\u00e9r\u00e9 dans une prison espagnole pour trafic de drogue. En retra\u00e7ant les comportements \u2013 notamment bancaires \u2013 ainsi que les d\u00e9placements de ses proches, (&#8230;)<\/p>\n<p>(&#8230;) <a href=\"https:\/\/www.femmeactuelle.fr\/actu\/news-actu\/fin-de-cavale-il-etait-en-fuite-depuis-32-ans-apres-avoir-commis-un-meurtre-a-marseille-en-1993-il-vient-detre-arrete-2195659\" rel=\"nofollow noopener\" target=\"_blank\" data-ylk=\"slk:Cliquez ici pour voir la suite;elm:context_link;itc:0;sec:content-canvas\" class=\"link \">Cliquez ici pour voir la suite<\/a><\/p>\n<p><a href=\"https:\/\/www.femmeactuelle.fr\/actu\/news-actu\/un-homme-en-fuite-apres-avoir-agresse-deux-pompiers-intervenus-pour-l-aider-2192842\" rel=\"nofollow noopener\" target=\"_blank\" data-ylk=\"slk:Un homme en fuite apr\u00e8s avoir agress\u00e9 deux pompiers intervenus pour l&#039;aider;elm:context_link;itc:0;sec:content-canvas\" class=\"link \">Un homme en fuite apr\u00e8s avoir agress\u00e9 deux pompiers intervenus pour l&rsquo;aider<\/a><br \/><a href=\"https:\/\/www.femmeactuelle.fr\/actu\/news-actu\/kidnappee-depuis-un-mois-cette-petite-fille-de-6-ans-vient-detre-retrouvee-grace-a-un-controle-routier-2190279\" rel=\"nofollow noopener\" target=\"_blank\" data-ylk=\"slk:Kidnapp\u00e9e depuis un mois, cette petite fille de 6 ans vient d\u2019\u00eatre retrouv\u00e9e gr\u00e2ce \u00e0 un contr\u00f4le routier;elm:context_link;itc:0;sec:content-canvas\" class=\"link \">Kidnapp\u00e9e depuis un mois, cette petite fille de 6 ans vient d\u2019\u00eatre retrouv\u00e9e gr\u00e2ce \u00e0 un contr\u00f4le routier<\/a><br \/><a href=\"https:\/\/www.femmeactuelle.fr\/actu\/news-actu\/pascal-bataille-revele-etre-atteint-dune-tumeur-a-loreille-je-ne-connais-plus-le-silence-depuis-1993-2170547\" rel=\"nofollow noopener\" target=\"_blank\" data-ylk=\"slk:Pascal Bataille r\u00e9v\u00e8le \u00eatre atteint d&#039;une tumeur \u00e0 l&#039;oreille : &quot;Je ne connais plus le silence depuis 1993&quot;;elm:context_link;itc:0;sec:content-canvas\" class=\"link \">Pascal Bataille r\u00e9v\u00e8le \u00eatre atteint d&rsquo;une tumeur \u00e0 l&rsquo;oreille : \u00ab\u00a0Je ne connais plus le silence depuis 1993\u00a0\u00bb<\/a><br \/><a href=\"https:\/\/www.femmeactuelle.fr\/actu\/news-actu\/trois-mois-apres-cauchemar-en-cuisine-le-restaurant-d-antonio-a-marseille-a-t-il-tenu-le-choc-2195167\" rel=\"nofollow noopener\" target=\"_blank\" data-ylk=\"slk:Trois mois apr\u00e8s &quot;Cauchemar en cuisine&quot;, le restaurant d&#039;Antonio \u00e0 Marseille, a-t-il tenu le choc ?;elm:context_link;itc:0;sec:content-canvas\" class=\"link \">Trois mois apr\u00e8s \u00ab\u00a0Cauchemar en cuisine\u00a0\u00bb, le restaurant d&rsquo;Antonio \u00e0 Marseille, a-t-il tenu le choc ?<\/a><br \/><a href=\"https:\/\/www.femmeactuelle.fr\/actu\/news-actu\/mort-de-lina-sa-mere-a-ete-victime-d-un-homme-juste-apres-sa-disparition-et-il-vient-d-etre-condamne-2194890\" rel=\"nofollow noopener\" target=\"_blank\" data-ylk=\"slk:Mort de Lina : sa m\u00e8re a \u00e9t\u00e9 victime d&#039;un homme juste apr\u00e8s sa disparition et il vient d&#039;\u00eatre condamn\u00e9;elm:context_link;itc:0;sec:content-canvas\" class=\"link \">Mort de Lina : sa m\u00e8re a \u00e9t\u00e9 victime d&rsquo;un homme juste apr\u00e8s sa disparition et il vient d&rsquo;\u00eatre condamn\u00e9<\/a><\/p>\n","protected":false},"excerpt":{"rendered":"C\u2019est une cavale digne des meilleurs films policiers. Lorsqu\u2019on parle de cavale, peuvent venir en t\u00eate les noms&hellip;\n","protected":false},"author":2,"featured_media":246251,"comment_status":"","ping_status":"","sticky":false,"template":"","format":"standard","meta":{"footnotes":""},"categories":[2814],"tags":[1111,11,38590,1777,674,1011,27,38588,7548,884,12,882,25,887,38589],"class_list":{"0":"post-246250","1":"post","2":"type-post","3":"status-publish","4":"format-standard","5":"has-post-thumbnail","7":"category-marseille","8":"tag-actu","9":"tag-actualites","10":"tag-albert-spaggiari","11":"tag-eu","12":"tag-europe","13":"tag-fr","14":"tag-france","15":"tag-jacques-mesrine","16":"tag-journal-le-parisien","17":"tag-marseille","18":"tag-news","19":"tag-provence-alpes-cote-dazur","20":"tag-republique-francaise","21":"tag-trafic-de-drogue","22":"tag-trafiquants-de-drogue"},"share_on_mastodon":{"url":"https:\/\/pubeurope.com\/@fr\/114843660023894325","error":""},"_links":{"self":[{"href":"https:\/\/www.europesays.com\/fr\/wp-json\/wp\/v2\/posts\/246250","targetHints":{"allow":["GET"]}}],"collection":[{"href":"https:\/\/www.europesays.com\/fr\/wp-json\/wp\/v2\/posts"}],"about":[{"href":"https:\/\/www.europesays.com\/fr\/wp-json\/wp\/v2\/types\/post"}],"author":[{"embeddable":true,"href":"https:\/\/www.europesays.com\/fr\/wp-json\/wp\/v2\/users\/2"}],"replies":[{"embeddable":true,"href":"https:\/\/www.europesays.com\/fr\/wp-json\/wp\/v2\/comments?post=246250"}],"version-history":[{"count":0,"href":"https:\/\/www.europesays.com\/fr\/wp-json\/wp\/v2\/posts\/246250\/revisions"}],"wp:featuredmedia":[{"embeddable":true,"href":"https:\/\/www.europesays.com\/fr\/wp-json\/wp\/v2\/media\/246251"}],"wp:attachment":[{"href":"https:\/\/www.europesays.com\/fr\/wp-json\/wp\/v2\/media?parent=246250"}],"wp:term":[{"taxonomy":"category","embeddable":true,"href":"https:\/\/www.europesays.com\/fr\/wp-json\/wp\/v2\/categories?post=246250"},{"taxonomy":"post_tag","embeddable":true,"href":"https:\/\/www.europesays.com\/fr\/wp-json\/wp\/v2\/tags?post=246250"}],"curies":[{"name":"wp","href":"https:\/\/api.w.org\/{rel}","templated":true}]}}