{"id":246252,"date":"2025-07-13T02:52:35","date_gmt":"2025-07-13T02:52:35","guid":{"rendered":"https:\/\/www.europesays.com\/fr\/246252\/"},"modified":"2025-07-13T02:52:35","modified_gmt":"2025-07-13T02:52:35","slug":"evitez-le-secteur-les-pompiers-sur-place","status":"publish","type":"post","link":"https:\/\/www.europesays.com\/fr\/246252\/","title":{"rendered":"\u00ab\u00a0\u00c9vitez le secteur\u00a0\u00bb, les pompiers sur place"},"content":{"rendered":"<p>            Par<br \/>\n        <strong><br \/>\n            <a href=\"https:\/\/actu.fr\/auteur\/anthony-soudani\" title=\"Consulter tous les articles de Anthony Soudani\" rel=\"nofollow noopener\" target=\"_blank\">Anthony Soudani<\/a><br \/>\n        <\/strong><\/p>\n<p>        Publi\u00e9 le<\/p>\n<p>            11 juil. 2025 \u00e0 12h15<br \/>\n        ; mis \u00e0 jour le 11 juil. 2025 \u00e0 15h54    <\/p>\n<p><strong>MISE \u00c0 JOUR.<\/strong> Jeudi 10 juillet \u00e0 15h53. La fuite de gaz est barr\u00e9e. Le centre commercial Les Noirettes de Vaulx-en-Velin a rouvert. GRDF se charge de la remise en service du gaz pour les 300 clients impact\u00e9s par la coupure. \u00ab\u00a0Fin des op\u00e9rations de secours\u00a0\u00bb, pr\u00e9cise la pr\u00e9fecture du Rh\u00f4ne.<\/p>\n<p class=\" wall-content\">Une fuite de gaz importante a provoqu\u00e9 l\u2019\u00e9vacuation d\u2019une centaine de personnes et de treize commerces, dans la m\u00e9tropole de <a href=\"https:\/\/actu.fr\/lyon\/\" rel=\"nofollow noopener\" target=\"_blank\">Lyon<\/a>, ce vendredi 11 juillet, aux alentours de 11h30.<\/p>\n<p class=\" wall-content\">L\u2019incident concerne le <strong>centre commercial Les Noirettes<\/strong>, situ\u00e9 place Guy-Moquet, \u00e0 Vaulx-en-Velin, selon les informations d\u2019actu Lyon.<\/p>\n<p>    <a href=\"https:\/\/www.google.com\/maps\/embed?pb=!1m18!1m12!1m3!1d3308.7387190456443!2d4.907850973281218!3d45.785086407030555!2m3!1f0!2f0!3f0!3m2!1i1024!2i768!4f13.1!3m3!1m2!1s0x47f4c06432df0bdf%3A0x2a2b1b2d32e1aad4!2sPl.%20Guy%20M%C3%B4quet%2C%2069120%20Vaulx-en-Velin!5e0!3m2!1sfr!2sfr!4v1752228731517!5m2!1sfr!2sfr\" title=\"Ouvrie le lien\" rel=\"nofollow noopener\" target=\"_blank\">Cliquez ici pour visualiser le contenu<\/a><\/p>\n<p>Intervention en cours : \u00ab\u00a0\u00c9vitez le secteur\u00a0\u00bb<\/p>\n<p class=\" wall-content\">Vingt-huit sapeurs-pompiers du Rh\u00f4ne et trois \u00e9quipages de police nationale interviennent sur place.<\/p>\n<p>Vid\u00e9os : en ce moment sur Actu<\/p>\n<p class=\" wall-content\">L\u2019intervention des services d\u2019urgence de GRDF est en cours. Il n\u2019y a pas eu de bless\u00e9. La pr\u00e9fecture du Rh\u00f4ne indique qu\u2019il faut \u00ab\u00a0\u00e9viter le secteur\u00a0\u00bb.<\/p>\n<p class=\" wall-content\">Suivez toute l\u2019actualit\u00e9 de vos villes et m\u00e9dias favoris en vous inscrivant \u00e0 <a href=\"https:\/\/moncompte.actu.fr\" title=\"D\u00e9couvez Mon Actu\" rel=\"nofollow noopener\" data-trk=\"{&quot;cta&quot;:{&quot;action&quot;:&quot;https:\\\/\\\/moncompte.actu.fr&quot;,&quot;category&quot;:&quot;mon compte&quot;,&quot;from&quot;:&quot;article footer&quot;,&quot;name&quot;:&quot;Mon actu&quot;,&quot;type&quot;:&quot;cta&quot;}}\" target=\"_blank\">Mon Actu<\/a>.<\/p>\n","protected":false},"excerpt":{"rendered":"Par Anthony Soudani Publi\u00e9 le 11 juil. 2025 \u00e0 12h15 ; mis \u00e0 jour le 11 juil. 2025&hellip;\n","protected":false},"author":2,"featured_media":246253,"comment_status":"","ping_status":"","sticky":false,"template":"","format":"standard","meta":{"footnotes":""},"categories":[1889],"tags":[1111,11,2430,1777,674,118,1011,27,2428,12,1072,1311,25],"class_list":{"0":"post-246252","1":"post","2":"type-post","3":"status-publish","4":"format-standard","5":"has-post-thumbnail","7":"category-lyon","8":"tag-actu","9":"tag-actualites","10":"tag-auvergne-rhone-alpes","11":"tag-eu","12":"tag-europe","13":"tag-faits-divers","14":"tag-fr","15":"tag-france","16":"tag-lyon","17":"tag-news","18":"tag-police","19":"tag-pompiers","20":"tag-republique-francaise"},"share_on_mastodon":{"url":"https:\/\/pubeurope.com\/@fr\/114843663964354731","error":""},"_links":{"self":[{"href":"https:\/\/www.europesays.com\/fr\/wp-json\/wp\/v2\/posts\/246252","targetHints":{"allow":["GET"]}}],"collection":[{"href":"https:\/\/www.europesays.com\/fr\/wp-json\/wp\/v2\/posts"}],"about":[{"href":"https:\/\/www.europesays.com\/fr\/wp-json\/wp\/v2\/types\/post"}],"author":[{"embeddable":true,"href":"https:\/\/www.europesays.com\/fr\/wp-json\/wp\/v2\/users\/2"}],"replies":[{"embeddable":true,"href":"https:\/\/www.europesays.com\/fr\/wp-json\/wp\/v2\/comments?post=246252"}],"version-history":[{"count":0,"href":"https:\/\/www.europesays.com\/fr\/wp-json\/wp\/v2\/posts\/246252\/revisions"}],"wp:featuredmedia":[{"embeddable":true,"href":"https:\/\/www.europesays.com\/fr\/wp-json\/wp\/v2\/media\/246253"}],"wp:attachment":[{"href":"https:\/\/www.europesays.com\/fr\/wp-json\/wp\/v2\/media?parent=246252"}],"wp:term":[{"taxonomy":"category","embeddable":true,"href":"https:\/\/www.europesays.com\/fr\/wp-json\/wp\/v2\/categories?post=246252"},{"taxonomy":"post_tag","embeddable":true,"href":"https:\/\/www.europesays.com\/fr\/wp-json\/wp\/v2\/tags?post=246252"}],"curies":[{"name":"wp","href":"https:\/\/api.w.org\/{rel}","templated":true}]}}